{"id":7187,"date":"2025-03-05T09:50:29","date_gmt":"2025-03-05T08:50:29","guid":{"rendered":"https:\/\/www.aerodrome-paray.fr\/blog\/?p=7187"},"modified":"2025-03-05T10:02:50","modified_gmt":"2025-03-05T09:02:50","slug":"evenement-exceptionnel-summer-camp-de-lamra-du-o2-au-06-juillet-2025","status":"publish","type":"post","link":"https:\/\/www.aerodrome-paray.fr\/blog\/evenement-exceptionnel-summer-camp-de-lamra-du-o2-au-06-juillet-2025\/","title":{"rendered":"\u00c9v\u00e9nement exceptionnel : SUMMER CAMP de l&rsquo;AMPA du 02 au 06 juillet 2025"},"content":{"rendered":"\t\t<div data-elementor-type=\"wp-post\" data-elementor-id=\"7187\" class=\"elementor elementor-7187\" data-elementor-post-type=\"post\">\n\t\t\t\t\t\t<section class=\"elementor-section elementor-top-section elementor-element elementor-element-d89f52f elementor-section-boxed elementor-section-height-default elementor-section-height-default\" data-id=\"d89f52f\" data-element_type=\"section\" data-e-type=\"section\" data-settings=\"{&quot;background_background&quot;:&quot;classic&quot;}\">\n\t\t\t\t\t\t<div class=\"elementor-container elementor-column-gap-default\">\n\t\t\t\t\t<div class=\"elementor-column elementor-col-100 elementor-top-column elementor-element elementor-element-108ead9\" data-id=\"108ead9\" data-element_type=\"column\" data-e-type=\"column\">\n\t\t\t<div class=\"elementor-widget-wrap elementor-element-populated\">\n\t\t\t\t\t\t<div class=\"elementor-element elementor-element-48868b4 elementor-widget elementor-widget-image\" data-id=\"48868b4\" data-element_type=\"widget\" data-e-type=\"widget\" data-widget_type=\"image.default\">\n\t\t\t\t<div class=\"elementor-widget-container\">\n\t\t\t\t\t\t\t\t\t\t\t\t\t\t\t<img fetchpriority=\"high\" decoding=\"async\" width=\"836\" height=\"470\" src=\"https:\/\/www.aerodrome-paray.fr\/blog\/wp-content\/uploads\/SUMMER-CAMP-2025-1024x576.jpg\" class=\"attachment-large size-large wp-image-7183\" alt=\"\" srcset=\"https:\/\/www.aerodrome-paray.fr\/blog\/wp-content\/uploads\/SUMMER-CAMP-2025-1024x576.jpg 1024w, https:\/\/www.aerodrome-paray.fr\/blog\/wp-content\/uploads\/SUMMER-CAMP-2025-300x169.jpg 300w, https:\/\/www.aerodrome-paray.fr\/blog\/wp-content\/uploads\/SUMMER-CAMP-2025-768x432.jpg 768w, https:\/\/www.aerodrome-paray.fr\/blog\/wp-content\/uploads\/SUMMER-CAMP-2025-1536x864.jpg 1536w, https:\/\/www.aerodrome-paray.fr\/blog\/wp-content\/uploads\/SUMMER-CAMP-2025-836x470.jpg 836w, https:\/\/www.aerodrome-paray.fr\/blog\/wp-content\/uploads\/SUMMER-CAMP-2025.jpg 2048w\" sizes=\"(max-width: 836px) 100vw, 836px\" \/>\t\t\t\t\t\t\t\t\t\t\t\t\t\t\t<\/div>\n\t\t\t\t<\/div>\n\t\t\t\t\t<\/div>\n\t\t<\/div>\n\t\t\t\t\t<\/div>\n\t\t<\/section>\n\t\t\t\t<section class=\"elementor-section elementor-top-section elementor-element elementor-element-edf60d7 elementor-section-boxed elementor-section-height-default elementor-section-height-default\" data-id=\"edf60d7\" data-element_type=\"section\" data-e-type=\"section\" data-settings=\"{&quot;background_background&quot;:&quot;classic&quot;}\">\n\t\t\t\t\t\t<div class=\"elementor-container elementor-column-gap-default\">\n\t\t\t\t\t<div class=\"elementor-column elementor-col-100 elementor-top-column elementor-element elementor-element-3cad116\" data-id=\"3cad116\" data-element_type=\"column\" data-e-type=\"column\">\n\t\t\t<div class=\"elementor-widget-wrap elementor-element-populated\">\n\t\t\t\t\t\t<div class=\"elementor-element elementor-element-17d37bc elementor-widget__width-inherit elementor-widget elementor-widget-text-editor\" data-id=\"17d37bc\" data-element_type=\"widget\" data-e-type=\"widget\" data-widget_type=\"text-editor.default\">\n\t\t\t\t<div class=\"elementor-widget-container\">\n\t\t\t\t\t\t\t\t\t<p style=\"font-weight: 400;\"><span style=\"color: #000000;\">\u00c9v\u00e9nement de taille\u00a0<\/span><\/p><p><span style=\"color: #000000;\">Comme vous le savez, nous devions accueillir l&rsquo;an pass\u00e9 le camp d&rsquo;\u00e9t\u00e9, appel\u00e9 \u00ab\u00a0Summer Camp\u00a0\u00bb de nos amis Suisses de l&rsquo;<a style=\"color: #000000;\" href=\"https:\/\/www.facebook.com\/profile.php?id=100064882022303&amp;__cft__%5B0%5D=AZVcBQ1l3N37aT6RjQVtQK4J3Bip8f4frT2qJYoH2LnHT2I3frO2OA3dBpGUm6Y0qJ_XokgIkuRTy8nLrxl2UNeTUXrz1-Du9u9icG9aUZDkGtwm0ZqhwrIUJGAg9MwHIDfuBvLrVStIhElr1CBUdPbqwvsaqp65iJPpjYQ3wGT2DRvVa1OaJf_i3XdlM6FRHoo&amp;__tn__=-%5DK*F\"><strong>AMPA<\/strong><\/a>\u00a0durant la premi\u00e8re semaine de Juillet. Malheureusement, \u00e0 cause d&rsquo;une m\u00e9t\u00e9o compliqu\u00e9e et de l&rsquo;\u00e9tat de notre piste, nous avions d\u00fb annuler. Mais nous n&rsquo;avons pas dit notre dernier mot&#8230;\u00a0<\/span><\/p><p><span style=\"color: #000000;\">Comme nous comptions bien prendre notre revanche, nous sommes tr\u00e8s heureux de vous annoncer que le camp d&rsquo;\u00e9t\u00e9 2025 se tiendra du 2 au 6 juillet prochain sur notre plateforme !\u00a0<\/span><\/p><p><span style=\"color: #000000;\">Durant la premi\u00e8re semaine de juillet, ce sont donc entre 20 et 30 machines suppl\u00e9mentaires qui seront bas\u00e9es sur le terrain et que vous aurez l\u2019occasion de voir \u00e9voluer dans le ciel charolais. Au programme : de l\u2019instruction, des vols en patrouille, le plaisir de survoler notre belle r\u00e9gion et la c\u00e9l\u00e9bration de notre amiti\u00e9\u00a0<\/span><\/p><p><span style=\"color: #000000;\">L\u2019a\u00e9rodrome restera dans le cadre de son activit\u00e9 normale ; il sera donc ouvert aux visiteurs par le ciel ou par la route\u00a0<\/span><\/p><p style=\"font-weight: 400;\">\u00a0<\/p>\t\t\t\t\t\t\t\t<\/div>\n\t\t\t\t<\/div>\n\t\t\t\t\t<\/div>\n\t\t<\/div>\n\t\t\t\t\t<\/div>\n\t\t<\/section>\n\t\t\t\t<\/div>\n\t\t","protected":false},"excerpt":{"rendered":"<p>\u00c9v\u00e9nement de taille\u00a0 Comme vous le savez, nous devions accueillir l&rsquo;an pass\u00e9 le camp d&rsquo;\u00e9t\u00e9, appel\u00e9 \u00ab\u00a0Summer Camp\u00a0\u00bb de nos amis Suisses de l&rsquo;AMPA\u00a0durant la premi\u00e8re semaine de Juillet. Malheureusement, \u00e0 cause d&rsquo;une m\u00e9t\u00e9o compliqu\u00e9e et de l&rsquo;\u00e9tat de notre piste, nous avions d\u00fb annuler. Mais nous n&rsquo;avons pas dit notre dernier mot&#8230;\u00a0 Comme nous &hellip; <\/p>\n<p><a class=\"more-link btn\" href=\"https:\/\/www.aerodrome-paray.fr\/blog\/evenement-exceptionnel-summer-camp-de-lamra-du-o2-au-06-juillet-2025\/\">Lire la suite<\/a><\/p>\n","protected":false},"author":2,"featured_media":7183,"comment_status":"closed","ping_status":"closed","sticky":false,"template":"","format":"standard","meta":{"_monsterinsights_skip_tracking":false,"_monsterinsights_sitenote_active":false,"_monsterinsights_sitenote_note":"","_monsterinsights_sitenote_category":0,"footnotes":""},"categories":[1],"tags":[],"class_list":["post-7187","post","type-post","status-publish","format-standard","has-post-thumbnail","hentry","category-non-classe","item-wrap"],"yoast_head":"<!-- This site is optimized with the Yoast SEO plugin v27.5 - https:\/\/yoast.com\/product\/yoast-seo-wordpress\/ -->\n<title>\u00c9v\u00e9nement exceptionnel : SUMMER CAMP de l&#039;AMPA du 02 au 06 juillet 2025 - Aeroclub Charolais<\/title>\n<meta name=\"robots\" content=\"index, follow, max-snippet:-1, max-image-preview:large, max-video-preview:-1\" \/>\n<link rel=\"canonical\" href=\"https:\/\/www.aerodrome-paray.fr\/blog\/evenement-exceptionnel-summer-camp-de-lamra-du-o2-au-06-juillet-2025\/\" \/>\n<meta property=\"og:locale\" content=\"fr_FR\" \/>\n<meta property=\"og:type\" content=\"article\" \/>\n<meta property=\"og:title\" content=\"\u00c9v\u00e9nement exceptionnel : SUMMER CAMP de l&#039;AMPA du 02 au 06 juillet 2025 - Aeroclub Charolais\" \/>\n<meta property=\"og:description\" content=\"\u00c9v\u00e9nement de taille\u00a0 Comme vous le savez, nous devions accueillir l&rsquo;an pass\u00e9 le camp d&rsquo;\u00e9t\u00e9, appel\u00e9 \u00ab\u00a0Summer Camp\u00a0\u00bb de nos amis Suisses de l&rsquo;AMPA\u00a0durant la premi\u00e8re semaine de Juillet. Malheureusement, \u00e0 cause d&rsquo;une m\u00e9t\u00e9o compliqu\u00e9e et de l&rsquo;\u00e9tat de notre piste, nous avions d\u00fb annuler. Mais nous n&rsquo;avons pas dit notre dernier mot&#8230;\u00a0 Comme nous &hellip; Lire la suite\" \/>\n<meta property=\"og:url\" content=\"https:\/\/www.aerodrome-paray.fr\/blog\/evenement-exceptionnel-summer-camp-de-lamra-du-o2-au-06-juillet-2025\/\" \/>\n<meta property=\"og:site_name\" content=\"Aeroclub Charolais\" \/>\n<meta property=\"article:published_time\" content=\"2025-03-05T08:50:29+00:00\" \/>\n<meta property=\"article:modified_time\" content=\"2025-03-05T09:02:50+00:00\" \/>\n<meta property=\"og:image\" content=\"https:\/\/www.aerodrome-paray.fr\/blog\/wp-content\/uploads\/SUMMER-CAMP-2025.jpg\" \/>\n\t<meta property=\"og:image:width\" content=\"2048\" \/>\n\t<meta property=\"og:image:height\" content=\"1152\" \/>\n\t<meta property=\"og:image:type\" content=\"image\/jpeg\" \/>\n<meta name=\"author\" content=\"Jean Pierre Martinroche\" \/>\n<meta name=\"twitter:card\" content=\"summary_large_image\" \/>\n<meta name=\"twitter:label1\" content=\"\u00c9crit par\" \/>\n\t<meta name=\"twitter:data1\" content=\"Jean Pierre Martinroche\" \/>\n\t<meta name=\"twitter:label2\" content=\"Dur\u00e9e de lecture estim\u00e9e\" \/>\n\t<meta name=\"twitter:data2\" content=\"2 minutes\" \/>\n<script type=\"application\/ld+json\" class=\"yoast-schema-graph\">{\"@context\":\"https:\\\/\\\/schema.org\",\"@graph\":[{\"@type\":\"Article\",\"@id\":\"https:\\\/\\\/www.aerodrome-paray.fr\\\/blog\\\/evenement-exceptionnel-summer-camp-de-lamra-du-o2-au-06-juillet-2025\\\/#article\",\"isPartOf\":{\"@id\":\"https:\\\/\\\/www.aerodrome-paray.fr\\\/blog\\\/evenement-exceptionnel-summer-camp-de-lamra-du-o2-au-06-juillet-2025\\\/\"},\"author\":{\"name\":\"Jean Pierre Martinroche\",\"@id\":\"https:\\\/\\\/www.aerodrome-paray.fr\\\/blog\\\/#\\\/schema\\\/person\\\/cefd0c4678c1b9411b95df22582abed7\"},\"headline\":\"\u00c9v\u00e9nement exceptionnel : SUMMER CAMP de l&rsquo;AMPA du 02 au 06 juillet 2025\",\"datePublished\":\"2025-03-05T08:50:29+00:00\",\"dateModified\":\"2025-03-05T09:02:50+00:00\",\"mainEntityOfPage\":{\"@id\":\"https:\\\/\\\/www.aerodrome-paray.fr\\\/blog\\\/evenement-exceptionnel-summer-camp-de-lamra-du-o2-au-06-juillet-2025\\\/\"},\"wordCount\":188,\"image\":{\"@id\":\"https:\\\/\\\/www.aerodrome-paray.fr\\\/blog\\\/evenement-exceptionnel-summer-camp-de-lamra-du-o2-au-06-juillet-2025\\\/#primaryimage\"},\"thumbnailUrl\":\"https:\\\/\\\/www.aerodrome-paray.fr\\\/blog\\\/wp-content\\\/uploads\\\/SUMMER-CAMP-2025.jpg\",\"inLanguage\":\"fr-FR\"},{\"@type\":\"WebPage\",\"@id\":\"https:\\\/\\\/www.aerodrome-paray.fr\\\/blog\\\/evenement-exceptionnel-summer-camp-de-lamra-du-o2-au-06-juillet-2025\\\/\",\"url\":\"https:\\\/\\\/www.aerodrome-paray.fr\\\/blog\\\/evenement-exceptionnel-summer-camp-de-lamra-du-o2-au-06-juillet-2025\\\/\",\"name\":\"\u00c9v\u00e9nement exceptionnel : SUMMER CAMP de l'AMPA du 02 au 06 juillet 2025 - Aeroclub Charolais\",\"isPartOf\":{\"@id\":\"https:\\\/\\\/www.aerodrome-paray.fr\\\/blog\\\/#website\"},\"primaryImageOfPage\":{\"@id\":\"https:\\\/\\\/www.aerodrome-paray.fr\\\/blog\\\/evenement-exceptionnel-summer-camp-de-lamra-du-o2-au-06-juillet-2025\\\/#primaryimage\"},\"image\":{\"@id\":\"https:\\\/\\\/www.aerodrome-paray.fr\\\/blog\\\/evenement-exceptionnel-summer-camp-de-lamra-du-o2-au-06-juillet-2025\\\/#primaryimage\"},\"thumbnailUrl\":\"https:\\\/\\\/www.aerodrome-paray.fr\\\/blog\\\/wp-content\\\/uploads\\\/SUMMER-CAMP-2025.jpg\",\"datePublished\":\"2025-03-05T08:50:29+00:00\",\"dateModified\":\"2025-03-05T09:02:50+00:00\",\"author\":{\"@id\":\"https:\\\/\\\/www.aerodrome-paray.fr\\\/blog\\\/#\\\/schema\\\/person\\\/cefd0c4678c1b9411b95df22582abed7\"},\"breadcrumb\":{\"@id\":\"https:\\\/\\\/www.aerodrome-paray.fr\\\/blog\\\/evenement-exceptionnel-summer-camp-de-lamra-du-o2-au-06-juillet-2025\\\/#breadcrumb\"},\"inLanguage\":\"fr-FR\",\"potentialAction\":[{\"@type\":\"ReadAction\",\"target\":[\"https:\\\/\\\/www.aerodrome-paray.fr\\\/blog\\\/evenement-exceptionnel-summer-camp-de-lamra-du-o2-au-06-juillet-2025\\\/\"]}]},{\"@type\":\"ImageObject\",\"inLanguage\":\"fr-FR\",\"@id\":\"https:\\\/\\\/www.aerodrome-paray.fr\\\/blog\\\/evenement-exceptionnel-summer-camp-de-lamra-du-o2-au-06-juillet-2025\\\/#primaryimage\",\"url\":\"https:\\\/\\\/www.aerodrome-paray.fr\\\/blog\\\/wp-content\\\/uploads\\\/SUMMER-CAMP-2025.jpg\",\"contentUrl\":\"https:\\\/\\\/www.aerodrome-paray.fr\\\/blog\\\/wp-content\\\/uploads\\\/SUMMER-CAMP-2025.jpg\",\"width\":2048,\"height\":1152},{\"@type\":\"BreadcrumbList\",\"@id\":\"https:\\\/\\\/www.aerodrome-paray.fr\\\/blog\\\/evenement-exceptionnel-summer-camp-de-lamra-du-o2-au-06-juillet-2025\\\/#breadcrumb\",\"itemListElement\":[{\"@type\":\"ListItem\",\"position\":1,\"name\":\"Accueil\",\"item\":\"https:\\\/\\\/www.aerodrome-paray.fr\\\/blog\\\/\"},{\"@type\":\"ListItem\",\"position\":2,\"name\":\"\u00c9v\u00e9nement exceptionnel : SUMMER CAMP de l&rsquo;AMPA du 02 au 06 juillet 2025\"}]},{\"@type\":\"WebSite\",\"@id\":\"https:\\\/\\\/www.aerodrome-paray.fr\\\/blog\\\/#website\",\"url\":\"https:\\\/\\\/www.aerodrome-paray.fr\\\/blog\\\/\",\"name\":\"Aeroclub Charolais\",\"description\":\"\",\"potentialAction\":[{\"@type\":\"SearchAction\",\"target\":{\"@type\":\"EntryPoint\",\"urlTemplate\":\"https:\\\/\\\/www.aerodrome-paray.fr\\\/blog\\\/?s={search_term_string}\"},\"query-input\":{\"@type\":\"PropertyValueSpecification\",\"valueRequired\":true,\"valueName\":\"search_term_string\"}}],\"inLanguage\":\"fr-FR\"},{\"@type\":\"Person\",\"@id\":\"https:\\\/\\\/www.aerodrome-paray.fr\\\/blog\\\/#\\\/schema\\\/person\\\/cefd0c4678c1b9411b95df22582abed7\",\"name\":\"Jean Pierre Martinroche\",\"image\":{\"@type\":\"ImageObject\",\"inLanguage\":\"fr-FR\",\"@id\":\"https:\\\/\\\/secure.gravatar.com\\\/avatar\\\/302da577d2e3565f43c729b1d87b2eb6c1910a0c9d0e4923cd7dc880c1de7c7b?s=96&d=mm&r=g\",\"url\":\"https:\\\/\\\/secure.gravatar.com\\\/avatar\\\/302da577d2e3565f43c729b1d87b2eb6c1910a0c9d0e4923cd7dc880c1de7c7b?s=96&d=mm&r=g\",\"contentUrl\":\"https:\\\/\\\/secure.gravatar.com\\\/avatar\\\/302da577d2e3565f43c729b1d87b2eb6c1910a0c9d0e4923cd7dc880c1de7c7b?s=96&d=mm&r=g\",\"caption\":\"Jean Pierre Martinroche\"},\"url\":\"https:\\\/\\\/www.aerodrome-paray.fr\\\/blog\\\/author\\\/jpmartinroche\\\/\"}]}<\/script>\n<!-- \/ Yoast SEO plugin. -->","yoast_head_json":{"title":"\u00c9v\u00e9nement exceptionnel : SUMMER CAMP de l'AMPA du 02 au 06 juillet 2025 - Aeroclub Charolais","robots":{"index":"index","follow":"follow","max-snippet":"max-snippet:-1","max-image-preview":"max-image-preview:large","max-video-preview":"max-video-preview:-1"},"canonical":"https:\/\/www.aerodrome-paray.fr\/blog\/evenement-exceptionnel-summer-camp-de-lamra-du-o2-au-06-juillet-2025\/","og_locale":"fr_FR","og_type":"article","og_title":"\u00c9v\u00e9nement exceptionnel : SUMMER CAMP de l'AMPA du 02 au 06 juillet 2025 - Aeroclub Charolais","og_description":"\u00c9v\u00e9nement de taille\u00a0 Comme vous le savez, nous devions accueillir l&rsquo;an pass\u00e9 le camp d&rsquo;\u00e9t\u00e9, appel\u00e9 \u00ab\u00a0Summer Camp\u00a0\u00bb de nos amis Suisses de l&rsquo;AMPA\u00a0durant la premi\u00e8re semaine de Juillet. Malheureusement, \u00e0 cause d&rsquo;une m\u00e9t\u00e9o compliqu\u00e9e et de l&rsquo;\u00e9tat de notre piste, nous avions d\u00fb annuler. Mais nous n&rsquo;avons pas dit notre dernier mot&#8230;\u00a0 Comme nous &hellip; Lire la suite","og_url":"https:\/\/www.aerodrome-paray.fr\/blog\/evenement-exceptionnel-summer-camp-de-lamra-du-o2-au-06-juillet-2025\/","og_site_name":"Aeroclub Charolais","article_published_time":"2025-03-05T08:50:29+00:00","article_modified_time":"2025-03-05T09:02:50+00:00","og_image":[{"width":2048,"height":1152,"url":"https:\/\/www.aerodrome-paray.fr\/blog\/wp-content\/uploads\/SUMMER-CAMP-2025.jpg","type":"image\/jpeg"}],"author":"Jean Pierre Martinroche","twitter_card":"summary_large_image","twitter_misc":{"\u00c9crit par":"Jean Pierre Martinroche","Dur\u00e9e de lecture estim\u00e9e":"2 minutes"},"schema":{"@context":"https:\/\/schema.org","@graph":[{"@type":"Article","@id":"https:\/\/www.aerodrome-paray.fr\/blog\/evenement-exceptionnel-summer-camp-de-lamra-du-o2-au-06-juillet-2025\/#article","isPartOf":{"@id":"https:\/\/www.aerodrome-paray.fr\/blog\/evenement-exceptionnel-summer-camp-de-lamra-du-o2-au-06-juillet-2025\/"},"author":{"name":"Jean Pierre Martinroche","@id":"https:\/\/www.aerodrome-paray.fr\/blog\/#\/schema\/person\/cefd0c4678c1b9411b95df22582abed7"},"headline":"\u00c9v\u00e9nement exceptionnel : SUMMER CAMP de l&rsquo;AMPA du 02 au 06 juillet 2025","datePublished":"2025-03-05T08:50:29+00:00","dateModified":"2025-03-05T09:02:50+00:00","mainEntityOfPage":{"@id":"https:\/\/www.aerodrome-paray.fr\/blog\/evenement-exceptionnel-summer-camp-de-lamra-du-o2-au-06-juillet-2025\/"},"wordCount":188,"image":{"@id":"https:\/\/www.aerodrome-paray.fr\/blog\/evenement-exceptionnel-summer-camp-de-lamra-du-o2-au-06-juillet-2025\/#primaryimage"},"thumbnailUrl":"https:\/\/www.aerodrome-paray.fr\/blog\/wp-content\/uploads\/SUMMER-CAMP-2025.jpg","inLanguage":"fr-FR"},{"@type":"WebPage","@id":"https:\/\/www.aerodrome-paray.fr\/blog\/evenement-exceptionnel-summer-camp-de-lamra-du-o2-au-06-juillet-2025\/","url":"https:\/\/www.aerodrome-paray.fr\/blog\/evenement-exceptionnel-summer-camp-de-lamra-du-o2-au-06-juillet-2025\/","name":"\u00c9v\u00e9nement exceptionnel : SUMMER CAMP de l'AMPA du 02 au 06 juillet 2025 - Aeroclub Charolais","isPartOf":{"@id":"https:\/\/www.aerodrome-paray.fr\/blog\/#website"},"primaryImageOfPage":{"@id":"https:\/\/www.aerodrome-paray.fr\/blog\/evenement-exceptionnel-summer-camp-de-lamra-du-o2-au-06-juillet-2025\/#primaryimage"},"image":{"@id":"https:\/\/www.aerodrome-paray.fr\/blog\/evenement-exceptionnel-summer-camp-de-lamra-du-o2-au-06-juillet-2025\/#primaryimage"},"thumbnailUrl":"https:\/\/www.aerodrome-paray.fr\/blog\/wp-content\/uploads\/SUMMER-CAMP-2025.jpg","datePublished":"2025-03-05T08:50:29+00:00","dateModified":"2025-03-05T09:02:50+00:00","author":{"@id":"https:\/\/www.aerodrome-paray.fr\/blog\/#\/schema\/person\/cefd0c4678c1b9411b95df22582abed7"},"breadcrumb":{"@id":"https:\/\/www.aerodrome-paray.fr\/blog\/evenement-exceptionnel-summer-camp-de-lamra-du-o2-au-06-juillet-2025\/#breadcrumb"},"inLanguage":"fr-FR","potentialAction":[{"@type":"ReadAction","target":["https:\/\/www.aerodrome-paray.fr\/blog\/evenement-exceptionnel-summer-camp-de-lamra-du-o2-au-06-juillet-2025\/"]}]},{"@type":"ImageObject","inLanguage":"fr-FR","@id":"https:\/\/www.aerodrome-paray.fr\/blog\/evenement-exceptionnel-summer-camp-de-lamra-du-o2-au-06-juillet-2025\/#primaryimage","url":"https:\/\/www.aerodrome-paray.fr\/blog\/wp-content\/uploads\/SUMMER-CAMP-2025.jpg","contentUrl":"https:\/\/www.aerodrome-paray.fr\/blog\/wp-content\/uploads\/SUMMER-CAMP-2025.jpg","width":2048,"height":1152},{"@type":"BreadcrumbList","@id":"https:\/\/www.aerodrome-paray.fr\/blog\/evenement-exceptionnel-summer-camp-de-lamra-du-o2-au-06-juillet-2025\/#breadcrumb","itemListElement":[{"@type":"ListItem","position":1,"name":"Accueil","item":"https:\/\/www.aerodrome-paray.fr\/blog\/"},{"@type":"ListItem","position":2,"name":"\u00c9v\u00e9nement exceptionnel : SUMMER CAMP de l&rsquo;AMPA du 02 au 06 juillet 2025"}]},{"@type":"WebSite","@id":"https:\/\/www.aerodrome-paray.fr\/blog\/#website","url":"https:\/\/www.aerodrome-paray.fr\/blog\/","name":"Aeroclub Charolais","description":"","potentialAction":[{"@type":"SearchAction","target":{"@type":"EntryPoint","urlTemplate":"https:\/\/www.aerodrome-paray.fr\/blog\/?s={search_term_string}"},"query-input":{"@type":"PropertyValueSpecification","valueRequired":true,"valueName":"search_term_string"}}],"inLanguage":"fr-FR"},{"@type":"Person","@id":"https:\/\/www.aerodrome-paray.fr\/blog\/#\/schema\/person\/cefd0c4678c1b9411b95df22582abed7","name":"Jean Pierre Martinroche","image":{"@type":"ImageObject","inLanguage":"fr-FR","@id":"https:\/\/secure.gravatar.com\/avatar\/302da577d2e3565f43c729b1d87b2eb6c1910a0c9d0e4923cd7dc880c1de7c7b?s=96&d=mm&r=g","url":"https:\/\/secure.gravatar.com\/avatar\/302da577d2e3565f43c729b1d87b2eb6c1910a0c9d0e4923cd7dc880c1de7c7b?s=96&d=mm&r=g","contentUrl":"https:\/\/secure.gravatar.com\/avatar\/302da577d2e3565f43c729b1d87b2eb6c1910a0c9d0e4923cd7dc880c1de7c7b?s=96&d=mm&r=g","caption":"Jean Pierre Martinroche"},"url":"https:\/\/www.aerodrome-paray.fr\/blog\/author\/jpmartinroche\/"}]}},"_links":{"self":[{"href":"https:\/\/www.aerodrome-paray.fr\/blog\/wp-json\/wp\/v2\/posts\/7187","targetHints":{"allow":["GET"]}}],"collection":[{"href":"https:\/\/www.aerodrome-paray.fr\/blog\/wp-json\/wp\/v2\/posts"}],"about":[{"href":"https:\/\/www.aerodrome-paray.fr\/blog\/wp-json\/wp\/v2\/types\/post"}],"author":[{"embeddable":true,"href":"https:\/\/www.aerodrome-paray.fr\/blog\/wp-json\/wp\/v2\/users\/2"}],"replies":[{"embeddable":true,"href":"https:\/\/www.aerodrome-paray.fr\/blog\/wp-json\/wp\/v2\/comments?post=7187"}],"version-history":[{"count":5,"href":"https:\/\/www.aerodrome-paray.fr\/blog\/wp-json\/wp\/v2\/posts\/7187\/revisions"}],"predecessor-version":[{"id":7195,"href":"https:\/\/www.aerodrome-paray.fr\/blog\/wp-json\/wp\/v2\/posts\/7187\/revisions\/7195"}],"wp:featuredmedia":[{"embeddable":true,"href":"https:\/\/www.aerodrome-paray.fr\/blog\/wp-json\/wp\/v2\/media\/7183"}],"wp:attachment":[{"href":"https:\/\/www.aerodrome-paray.fr\/blog\/wp-json\/wp\/v2\/media?parent=7187"}],"wp:term":[{"taxonomy":"category","embeddable":true,"href":"https:\/\/www.aerodrome-paray.fr\/blog\/wp-json\/wp\/v2\/categories?post=7187"},{"taxonomy":"post_tag","embeddable":true,"href":"https:\/\/www.aerodrome-paray.fr\/blog\/wp-json\/wp\/v2\/tags?post=7187"}],"curies":[{"name":"wp","href":"https:\/\/api.w.org\/{rel}","templated":true}]}}