{"id":7285,"date":"2025-06-05T12:40:11","date_gmt":"2025-06-05T10:40:11","guid":{"rendered":"https:\/\/www.aerodrome-paray.fr\/blog\/?p=7285"},"modified":"2025-06-16T09:36:09","modified_gmt":"2025-06-16T07:36:09","slug":"21-22-juin-2025-journees-traine-queue-cest-presque-la","status":"publish","type":"post","link":"https:\/\/www.aerodrome-paray.fr\/blog\/21-22-juin-2025-journees-traine-queue-cest-presque-la\/","title":{"rendered":"21 &#038; 22 JUIN 2025 : JOURN\u00c9ES \u00ab\u00a0TRA\u00ceNE-QUEUE\u00a0\u00bb&#8230; C&rsquo;est presque l\u00e0&#8230;"},"content":{"rendered":"\t\t<div data-elementor-type=\"wp-post\" data-elementor-id=\"7285\" class=\"elementor elementor-7285\" data-elementor-post-type=\"post\">\n\t\t\t\t\t\t<section class=\"elementor-section elementor-top-section elementor-element elementor-element-1ab4061 elementor-section-boxed elementor-section-height-default elementor-section-height-default\" data-id=\"1ab4061\" data-element_type=\"section\" data-e-type=\"section\">\n\t\t\t\t\t\t<div class=\"elementor-container elementor-column-gap-default\">\n\t\t\t\t\t<div class=\"elementor-column elementor-col-50 elementor-top-column elementor-element elementor-element-30e321e\" data-id=\"30e321e\" data-element_type=\"column\" data-e-type=\"column\">\n\t\t\t<div class=\"elementor-widget-wrap elementor-element-populated\">\n\t\t\t\t\t\t<div class=\"elementor-element elementor-element-66f70ba elementor-widget elementor-widget-image\" data-id=\"66f70ba\" data-element_type=\"widget\" data-e-type=\"widget\" data-widget_type=\"image.default\">\n\t\t\t\t<div class=\"elementor-widget-container\">\n\t\t\t\t\t\t\t\t\t\t\t\t\t\t\t<img fetchpriority=\"high\" decoding=\"async\" width=\"722\" height=\"1024\" src=\"https:\/\/www.aerodrome-paray.fr\/blog\/wp-content\/uploads\/AFF-TQ-2025-722x1024.jpeg\" class=\"attachment-large size-large wp-image-7158\" alt=\"\" srcset=\"https:\/\/www.aerodrome-paray.fr\/blog\/wp-content\/uploads\/AFF-TQ-2025-722x1024.jpeg 722w, https:\/\/www.aerodrome-paray.fr\/blog\/wp-content\/uploads\/AFF-TQ-2025-212x300.jpeg 212w, https:\/\/www.aerodrome-paray.fr\/blog\/wp-content\/uploads\/AFF-TQ-2025-768x1089.jpeg 768w, https:\/\/www.aerodrome-paray.fr\/blog\/wp-content\/uploads\/AFF-TQ-2025-1084x1536.jpeg 1084w, https:\/\/www.aerodrome-paray.fr\/blog\/wp-content\/uploads\/AFF-TQ-2025-1445x2048.jpeg 1445w, https:\/\/www.aerodrome-paray.fr\/blog\/wp-content\/uploads\/AFF-TQ-2025-836x1185.jpeg 836w, https:\/\/www.aerodrome-paray.fr\/blog\/wp-content\/uploads\/AFF-TQ-2025-scaled.jpeg 1806w\" sizes=\"(max-width: 722px) 100vw, 722px\" \/>\t\t\t\t\t\t\t\t\t\t\t\t\t\t\t<\/div>\n\t\t\t\t<\/div>\n\t\t\t\t\t<\/div>\n\t\t<\/div>\n\t\t\t\t<div class=\"elementor-column elementor-col-50 elementor-top-column elementor-element elementor-element-c2e7f64\" data-id=\"c2e7f64\" data-element_type=\"column\" data-e-type=\"column\">\n\t\t\t<div class=\"elementor-widget-wrap elementor-element-populated\">\n\t\t\t\t\t\t<div class=\"elementor-element elementor-element-9e52c7a elementor-widget elementor-widget-image\" data-id=\"9e52c7a\" data-element_type=\"widget\" data-e-type=\"widget\" data-widget_type=\"image.default\">\n\t\t\t\t<div class=\"elementor-widget-container\">\n\t\t\t\t\t\t\t\t\t\t\t\t\t\t\t<img decoding=\"async\" width=\"836\" height=\"557\" src=\"https:\/\/www.aerodrome-paray.fr\/blog\/wp-content\/uploads\/WhatsApp-Image-2025-05-29-at-08.58.05-1024x682.jpeg\" class=\"attachment-large size-large wp-image-7278\" alt=\"\" srcset=\"https:\/\/www.aerodrome-paray.fr\/blog\/wp-content\/uploads\/WhatsApp-Image-2025-05-29-at-08.58.05-1024x682.jpeg 1024w, https:\/\/www.aerodrome-paray.fr\/blog\/wp-content\/uploads\/WhatsApp-Image-2025-05-29-at-08.58.05-300x200.jpeg 300w, https:\/\/www.aerodrome-paray.fr\/blog\/wp-content\/uploads\/WhatsApp-Image-2025-05-29-at-08.58.05-768x511.jpeg 768w, https:\/\/www.aerodrome-paray.fr\/blog\/wp-content\/uploads\/WhatsApp-Image-2025-05-29-at-08.58.05-1536x1023.jpeg 1536w, https:\/\/www.aerodrome-paray.fr\/blog\/wp-content\/uploads\/WhatsApp-Image-2025-05-29-at-08.58.05-836x557.jpeg 836w, https:\/\/www.aerodrome-paray.fr\/blog\/wp-content\/uploads\/WhatsApp-Image-2025-05-29-at-08.58.05.jpeg 2000w\" sizes=\"(max-width: 836px) 100vw, 836px\" \/>\t\t\t\t\t\t\t\t\t\t\t\t\t\t\t<\/div>\n\t\t\t\t<\/div>\n\t\t\t\t<div class=\"elementor-element elementor-element-69c0c73 elementor-widget elementor-widget-image\" data-id=\"69c0c73\" data-element_type=\"widget\" data-e-type=\"widget\" data-widget_type=\"image.default\">\n\t\t\t\t<div class=\"elementor-widget-container\">\n\t\t\t\t\t\t\t\t\t\t\t\t\t\t\t<img decoding=\"async\" width=\"836\" height=\"471\" src=\"https:\/\/www.aerodrome-paray.fr\/blog\/wp-content\/uploads\/461539978_499596122906816_62694314830892302_n-1-1024x577.jpg\" class=\"attachment-large size-large wp-image-7284\" alt=\"\" srcset=\"https:\/\/www.aerodrome-paray.fr\/blog\/wp-content\/uploads\/461539978_499596122906816_62694314830892302_n-1-1024x577.jpg 1024w, https:\/\/www.aerodrome-paray.fr\/blog\/wp-content\/uploads\/461539978_499596122906816_62694314830892302_n-1-300x169.jpg 300w, https:\/\/www.aerodrome-paray.fr\/blog\/wp-content\/uploads\/461539978_499596122906816_62694314830892302_n-1-768x433.jpg 768w, https:\/\/www.aerodrome-paray.fr\/blog\/wp-content\/uploads\/461539978_499596122906816_62694314830892302_n-1-1536x865.jpg 1536w, https:\/\/www.aerodrome-paray.fr\/blog\/wp-content\/uploads\/461539978_499596122906816_62694314830892302_n-1-836x471.jpg 836w, https:\/\/www.aerodrome-paray.fr\/blog\/wp-content\/uploads\/461539978_499596122906816_62694314830892302_n-1.jpg 1640w\" sizes=\"(max-width: 836px) 100vw, 836px\" \/>\t\t\t\t\t\t\t\t\t\t\t\t\t\t\t<\/div>\n\t\t\t\t<\/div>\n\t\t\t\t\t<\/div>\n\t\t<\/div>\n\t\t\t\t\t<\/div>\n\t\t<\/section>\n\t\t\t\t<section class=\"elementor-section elementor-top-section elementor-element elementor-element-4239895 elementor-section-boxed elementor-section-height-default elementor-section-height-default\" data-id=\"4239895\" data-element_type=\"section\" data-e-type=\"section\">\n\t\t\t\t\t\t<div class=\"elementor-container elementor-column-gap-default\">\n\t\t\t\t\t<div class=\"elementor-column elementor-col-100 elementor-top-column elementor-element elementor-element-4ff0f0e\" data-id=\"4ff0f0e\" data-element_type=\"column\" data-e-type=\"column\">\n\t\t\t<div class=\"elementor-widget-wrap elementor-element-populated\">\n\t\t\t\t\t\t<div class=\"elementor-element elementor-element-fc4716f elementor-widget elementor-widget-text-editor\" data-id=\"fc4716f\" data-element_type=\"widget\" data-e-type=\"widget\" data-widget_type=\"text-editor.default\">\n\t\t\t\t<div class=\"elementor-widget-container\">\n\t\t\t\t\t\t\t\t\t<p>La date est maintenant tr\u00e8s proche.<br \/>Un dernier point : Autour de150 machines inscrites pour ce 21\u00b0 rassemblement sur l&rsquo;a\u00e9rodrome de Paray-le-Monial, des pilotes venus de toute la France mais aussi de l&rsquo;\u00e9tranger, renfor\u00e7ant ainsi le caract\u00e8re international de la manifestation.<br \/><span style=\"color: #ff0000;\">Petit rappel : il est indispensable de s&rsquo;inscrire avant de venir, que vous soyez pilotes ou spotters et de se conformer \u00e0 la r\u00e9glementation sur place.<\/span><\/p>\t\t\t\t\t\t\t\t<\/div>\n\t\t\t\t<\/div>\n\t\t\t\t<div class=\"elementor-element elementor-element-b3a6756 elementor-align-center elementor-widget elementor-widget-button\" data-id=\"b3a6756\" data-element_type=\"widget\" data-e-type=\"widget\" data-widget_type=\"button.default\">\n\t\t\t\t<div class=\"elementor-widget-container\">\n\t\t\t\t\t\t\t\t\t<div class=\"elementor-button-wrapper\">\n\t\t\t\t\t<a class=\"elementor-button elementor-button-link elementor-size-sm\" href=\"https:\/\/www.aerodrome-paray.fr\/blog\/traine-queue-2024\/\">\n\t\t\t\t\t\t<span class=\"elementor-button-content-wrapper\">\n\t\t\t\t\t\t\t\t\t<span class=\"elementor-button-text\">Cliquez ici<\/span>\n\t\t\t\t\t<\/span>\n\t\t\t\t\t<\/a>\n\t\t\t\t<\/div>\n\t\t\t\t\t\t\t\t<\/div>\n\t\t\t\t<\/div>\n\t\t\t\t\t<\/div>\n\t\t<\/div>\n\t\t\t\t\t<\/div>\n\t\t<\/section>\n\t\t\t\t<section class=\"elementor-section elementor-top-section elementor-element elementor-element-a3f9f45 elementor-section-boxed elementor-section-height-default elementor-section-height-default\" data-id=\"a3f9f45\" data-element_type=\"section\" data-e-type=\"section\">\n\t\t\t\t\t\t<div class=\"elementor-container elementor-column-gap-default\">\n\t\t\t\t\t<div class=\"elementor-column elementor-col-100 elementor-top-column elementor-element elementor-element-85ea7a8\" data-id=\"85ea7a8\" data-element_type=\"column\" data-e-type=\"column\">\n\t\t\t<div class=\"elementor-widget-wrap elementor-element-populated\">\n\t\t\t\t\t\t<div class=\"elementor-element elementor-element-ad53720 elementor-widget elementor-widget-text-editor\" data-id=\"ad53720\" data-element_type=\"widget\" data-e-type=\"widget\" data-widget_type=\"text-editor.default\">\n\t\t\t\t<div class=\"elementor-widget-container\">\n\t\t\t\t\t\t\t\t\t<p><span style=\"color: #993366;\">Tout au long de ces deux journ\u00e9es, y compris m\u00eame d\u00e8s le vendredi soir, de tr\u00e8s beaux avions sillonneront le ciel charolais.<\/span><br \/><span style=\"color: #993366;\">La vedette tr\u00e8s attendue sera sans doute le Dewoitine D 26 de nos amis suisses de l&rsquo;AMPA, unique exemplaire au monde en \u00e9tat de marche aujourd&rsquo;hui.<\/span><\/p>\t\t\t\t\t\t\t\t<\/div>\n\t\t\t\t<\/div>\n\t\t\t\t\t<\/div>\n\t\t<\/div>\n\t\t\t\t\t<\/div>\n\t\t<\/section>\n\t\t\t\t<section class=\"elementor-section elementor-top-section elementor-element elementor-element-2d47ce3 elementor-section-boxed elementor-section-height-default elementor-section-height-default\" data-id=\"2d47ce3\" data-element_type=\"section\" data-e-type=\"section\">\n\t\t\t\t\t\t<div class=\"elementor-container elementor-column-gap-default\">\n\t\t\t\t\t<div class=\"elementor-column elementor-col-50 elementor-top-column elementor-element elementor-element-a381ba9\" data-id=\"a381ba9\" data-element_type=\"column\" data-e-type=\"column\">\n\t\t\t<div class=\"elementor-widget-wrap elementor-element-populated\">\n\t\t\t\t\t\t<div class=\"elementor-element elementor-element-78358c5 elementor-widget elementor-widget-image\" data-id=\"78358c5\" data-element_type=\"widget\" data-e-type=\"widget\" data-widget_type=\"image.default\">\n\t\t\t\t<div class=\"elementor-widget-container\">\n\t\t\t\t\t\t\t\t\t\t\t\t\t\t\t<img loading=\"lazy\" decoding=\"async\" width=\"836\" height=\"558\" src=\"https:\/\/www.aerodrome-paray.fr\/blog\/wp-content\/uploads\/436328954_411472728385823_8539430668922142914_n-1-1024x683.jpg\" class=\"attachment-large size-large wp-image-7283\" alt=\"\" srcset=\"https:\/\/www.aerodrome-paray.fr\/blog\/wp-content\/uploads\/436328954_411472728385823_8539430668922142914_n-1-1024x683.jpg 1024w, https:\/\/www.aerodrome-paray.fr\/blog\/wp-content\/uploads\/436328954_411472728385823_8539430668922142914_n-1-300x200.jpg 300w, https:\/\/www.aerodrome-paray.fr\/blog\/wp-content\/uploads\/436328954_411472728385823_8539430668922142914_n-1-768x512.jpg 768w, https:\/\/www.aerodrome-paray.fr\/blog\/wp-content\/uploads\/436328954_411472728385823_8539430668922142914_n-1-836x557.jpg 836w, https:\/\/www.aerodrome-paray.fr\/blog\/wp-content\/uploads\/436328954_411472728385823_8539430668922142914_n-1.jpg 1440w\" sizes=\"(max-width: 836px) 100vw, 836px\" \/>\t\t\t\t\t\t\t\t\t\t\t\t\t\t\t<\/div>\n\t\t\t\t<\/div>\n\t\t\t\t<div class=\"elementor-element elementor-element-a2b5623 elementor-widget elementor-widget-image\" data-id=\"a2b5623\" data-element_type=\"widget\" data-e-type=\"widget\" data-widget_type=\"image.default\">\n\t\t\t\t<div class=\"elementor-widget-container\">\n\t\t\t\t\t\t\t\t\t\t\t\t\t\t\t<img loading=\"lazy\" decoding=\"async\" width=\"836\" height=\"558\" src=\"https:\/\/www.aerodrome-paray.fr\/blog\/wp-content\/uploads\/WhatsApp-Image-2025-04-16-at-10.53.40-1024x683.jpeg\" class=\"attachment-large size-large wp-image-7281\" alt=\"\" srcset=\"https:\/\/www.aerodrome-paray.fr\/blog\/wp-content\/uploads\/WhatsApp-Image-2025-04-16-at-10.53.40-1024x683.jpeg 1024w, https:\/\/www.aerodrome-paray.fr\/blog\/wp-content\/uploads\/WhatsApp-Image-2025-04-16-at-10.53.40-300x200.jpeg 300w, https:\/\/www.aerodrome-paray.fr\/blog\/wp-content\/uploads\/WhatsApp-Image-2025-04-16-at-10.53.40-768x512.jpeg 768w, https:\/\/www.aerodrome-paray.fr\/blog\/wp-content\/uploads\/WhatsApp-Image-2025-04-16-at-10.53.40-836x557.jpeg 836w, https:\/\/www.aerodrome-paray.fr\/blog\/wp-content\/uploads\/WhatsApp-Image-2025-04-16-at-10.53.40.jpeg 1206w\" sizes=\"(max-width: 836px) 100vw, 836px\" \/>\t\t\t\t\t\t\t\t\t\t\t\t\t\t\t<\/div>\n\t\t\t\t<\/div>\n\t\t\t\t\t<\/div>\n\t\t<\/div>\n\t\t\t\t<div class=\"elementor-column elementor-col-50 elementor-top-column elementor-element elementor-element-049f39d\" data-id=\"049f39d\" data-element_type=\"column\" data-e-type=\"column\">\n\t\t\t<div class=\"elementor-widget-wrap elementor-element-populated\">\n\t\t\t\t\t\t<div class=\"elementor-element elementor-element-565ec2e elementor-widget elementor-widget-image\" data-id=\"565ec2e\" data-element_type=\"widget\" data-e-type=\"widget\" data-widget_type=\"image.default\">\n\t\t\t\t<div class=\"elementor-widget-container\">\n\t\t\t\t\t\t\t\t\t\t\t\t\t\t\t<img loading=\"lazy\" decoding=\"async\" width=\"836\" height=\"558\" src=\"https:\/\/www.aerodrome-paray.fr\/blog\/wp-content\/uploads\/436495170_411472835052479_4667723623283805701_n-1-1024x683.jpg\" class=\"attachment-large size-large wp-image-7282\" alt=\"\" srcset=\"https:\/\/www.aerodrome-paray.fr\/blog\/wp-content\/uploads\/436495170_411472835052479_4667723623283805701_n-1-1024x683.jpg 1024w, https:\/\/www.aerodrome-paray.fr\/blog\/wp-content\/uploads\/436495170_411472835052479_4667723623283805701_n-1-300x200.jpg 300w, https:\/\/www.aerodrome-paray.fr\/blog\/wp-content\/uploads\/436495170_411472835052479_4667723623283805701_n-1-768x512.jpg 768w, https:\/\/www.aerodrome-paray.fr\/blog\/wp-content\/uploads\/436495170_411472835052479_4667723623283805701_n-1-1536x1025.jpg 1536w, https:\/\/www.aerodrome-paray.fr\/blog\/wp-content\/uploads\/436495170_411472835052479_4667723623283805701_n-1-836x558.jpg 836w, https:\/\/www.aerodrome-paray.fr\/blog\/wp-content\/uploads\/436495170_411472835052479_4667723623283805701_n-1.jpg 2000w\" sizes=\"(max-width: 836px) 100vw, 836px\" \/>\t\t\t\t\t\t\t\t\t\t\t\t\t\t\t<\/div>\n\t\t\t\t<\/div>\n\t\t\t\t<div class=\"elementor-element elementor-element-e441f74 elementor-widget elementor-widget-image\" data-id=\"e441f74\" data-element_type=\"widget\" data-e-type=\"widget\" data-widget_type=\"image.default\">\n\t\t\t\t<div class=\"elementor-widget-container\">\n\t\t\t\t\t\t\t\t\t\t\t\t\t\t\t<img loading=\"lazy\" decoding=\"async\" width=\"836\" height=\"557\" src=\"https:\/\/www.aerodrome-paray.fr\/blog\/wp-content\/uploads\/480962315_605854882280939_7660003669214069972_n-1024x682.jpg\" class=\"attachment-large size-large wp-image-7279\" alt=\"\" srcset=\"https:\/\/www.aerodrome-paray.fr\/blog\/wp-content\/uploads\/480962315_605854882280939_7660003669214069972_n-1024x682.jpg 1024w, https:\/\/www.aerodrome-paray.fr\/blog\/wp-content\/uploads\/480962315_605854882280939_7660003669214069972_n-300x200.jpg 300w, https:\/\/www.aerodrome-paray.fr\/blog\/wp-content\/uploads\/480962315_605854882280939_7660003669214069972_n-768x512.jpg 768w, https:\/\/www.aerodrome-paray.fr\/blog\/wp-content\/uploads\/480962315_605854882280939_7660003669214069972_n-1536x1024.jpg 1536w, https:\/\/www.aerodrome-paray.fr\/blog\/wp-content\/uploads\/480962315_605854882280939_7660003669214069972_n-836x557.jpg 836w, https:\/\/www.aerodrome-paray.fr\/blog\/wp-content\/uploads\/480962315_605854882280939_7660003669214069972_n.jpg 2000w\" sizes=\"(max-width: 836px) 100vw, 836px\" \/>\t\t\t\t\t\t\t\t\t\t\t\t\t\t\t<\/div>\n\t\t\t\t<\/div>\n\t\t\t\t\t<\/div>\n\t\t<\/div>\n\t\t\t\t\t<\/div>\n\t\t<\/section>\n\t\t\t\t<section class=\"elementor-section elementor-top-section elementor-element elementor-element-64e1826 elementor-section-content-middle elementor-section-boxed elementor-section-height-default elementor-section-height-default\" data-id=\"64e1826\" data-element_type=\"section\" data-e-type=\"section\">\n\t\t\t\t\t\t<div class=\"elementor-container elementor-column-gap-default\">\n\t\t\t\t\t<div class=\"elementor-column elementor-col-100 elementor-top-column elementor-element elementor-element-1e8fada\" data-id=\"1e8fada\" data-element_type=\"column\" data-e-type=\"column\">\n\t\t\t<div class=\"elementor-widget-wrap elementor-element-populated\">\n\t\t\t\t\t\t<div class=\"elementor-element elementor-element-c256a8c elementor-widget__width-initial elementor-widget elementor-widget-image\" data-id=\"c256a8c\" data-element_type=\"widget\" data-e-type=\"widget\" data-widget_type=\"image.default\">\n\t\t\t\t<div class=\"elementor-widget-container\">\n\t\t\t\t\t\t\t\t\t\t\t\t\t\t\t<img loading=\"lazy\" decoding=\"async\" width=\"836\" height=\"836\" src=\"https:\/\/www.aerodrome-paray.fr\/blog\/wp-content\/uploads\/D26-1024x1024.jpeg\" class=\"attachment-large size-large wp-image-7277\" alt=\"\" srcset=\"https:\/\/www.aerodrome-paray.fr\/blog\/wp-content\/uploads\/D26-1024x1024.jpeg 1024w, https:\/\/www.aerodrome-paray.fr\/blog\/wp-content\/uploads\/D26-300x300.jpeg 300w, https:\/\/www.aerodrome-paray.fr\/blog\/wp-content\/uploads\/D26-150x150.jpeg 150w, https:\/\/www.aerodrome-paray.fr\/blog\/wp-content\/uploads\/D26-768x768.jpeg 768w, https:\/\/www.aerodrome-paray.fr\/blog\/wp-content\/uploads\/D26-836x836.jpeg 836w, https:\/\/www.aerodrome-paray.fr\/blog\/wp-content\/uploads\/D26.jpeg 1080w\" sizes=\"(max-width: 836px) 100vw, 836px\" \/>\t\t\t\t\t\t\t\t\t\t\t\t\t\t\t<\/div>\n\t\t\t\t<\/div>\n\t\t\t\t\t<\/div>\n\t\t<\/div>\n\t\t\t\t\t<\/div>\n\t\t<\/section>\n\t\t\t\t<\/div>\n\t\t","protected":false},"excerpt":{"rendered":"<p>La date est maintenant tr\u00e8s proche. Un dernier point : Autour de150 machines inscrites pour ce 21\u00b0 rassemblement sur l&rsquo;a\u00e9rodrome de Paray-le-Monial, des pilotes venus de toute la France mais aussi de l&rsquo;\u00e9tranger, renfor\u00e7ant ainsi le caract\u00e8re international de la manifestation. Petit rappel : il est indispensable de s&rsquo;inscrire avant de venir, que vous soyez &hellip; <\/p>\n<p><a class=\"more-link btn\" href=\"https:\/\/www.aerodrome-paray.fr\/blog\/21-22-juin-2025-journees-traine-queue-cest-presque-la\/\">Lire la suite<\/a><\/p>\n","protected":false},"author":2,"featured_media":7278,"comment_status":"closed","ping_status":"closed","sticky":false,"template":"","format":"standard","meta":{"_monsterinsights_skip_tracking":false,"_monsterinsights_sitenote_active":false,"_monsterinsights_sitenote_note":"","_monsterinsights_sitenote_category":0,"footnotes":""},"categories":[1],"tags":[],"class_list":["post-7285","post","type-post","status-publish","format-standard","has-post-thumbnail","hentry","category-non-classe","item-wrap"],"yoast_head":"<!-- This site is optimized with the Yoast SEO plugin v27.5 - https:\/\/yoast.com\/product\/yoast-seo-wordpress\/ -->\n<title>21 &amp; 22 JUIN 2025 : JOURN\u00c9ES &quot;TRA\u00ceNE-QUEUE&quot;... C&#039;est presque l\u00e0... - Aeroclub Charolais<\/title>\n<meta name=\"robots\" content=\"index, follow, max-snippet:-1, max-image-preview:large, max-video-preview:-1\" \/>\n<link rel=\"canonical\" href=\"https:\/\/www.aerodrome-paray.fr\/blog\/21-22-juin-2025-journees-traine-queue-cest-presque-la\/\" \/>\n<meta property=\"og:locale\" content=\"fr_FR\" \/>\n<meta property=\"og:type\" content=\"article\" \/>\n<meta property=\"og:title\" content=\"21 &amp; 22 JUIN 2025 : JOURN\u00c9ES &quot;TRA\u00ceNE-QUEUE&quot;... C&#039;est presque l\u00e0... - Aeroclub Charolais\" \/>\n<meta property=\"og:description\" content=\"La date est maintenant tr\u00e8s proche. Un dernier point : Autour de150 machines inscrites pour ce 21\u00b0 rassemblement sur l&rsquo;a\u00e9rodrome de Paray-le-Monial, des pilotes venus de toute la France mais aussi de l&rsquo;\u00e9tranger, renfor\u00e7ant ainsi le caract\u00e8re international de la manifestation. Petit rappel : il est indispensable de s&rsquo;inscrire avant de venir, que vous soyez &hellip; Lire la suite\" \/>\n<meta property=\"og:url\" content=\"https:\/\/www.aerodrome-paray.fr\/blog\/21-22-juin-2025-journees-traine-queue-cest-presque-la\/\" \/>\n<meta property=\"og:site_name\" content=\"Aeroclub Charolais\" \/>\n<meta property=\"article:published_time\" content=\"2025-06-05T10:40:11+00:00\" \/>\n<meta property=\"article:modified_time\" content=\"2025-06-16T07:36:09+00:00\" \/>\n<meta property=\"og:image\" content=\"https:\/\/www.aerodrome-paray.fr\/blog\/wp-content\/uploads\/WhatsApp-Image-2025-05-29-at-08.58.05.jpeg\" \/>\n\t<meta property=\"og:image:width\" content=\"2000\" \/>\n\t<meta property=\"og:image:height\" content=\"1332\" \/>\n\t<meta property=\"og:image:type\" content=\"image\/jpeg\" \/>\n<meta name=\"author\" content=\"Jean Pierre Martinroche\" \/>\n<meta name=\"twitter:card\" content=\"summary_large_image\" \/>\n<meta name=\"twitter:label1\" content=\"\u00c9crit par\" \/>\n\t<meta name=\"twitter:data1\" content=\"Jean Pierre Martinroche\" \/>\n\t<meta name=\"twitter:label2\" content=\"Dur\u00e9e de lecture estim\u00e9e\" \/>\n\t<meta name=\"twitter:data2\" content=\"3 minutes\" \/>\n<script type=\"application\/ld+json\" class=\"yoast-schema-graph\">{\"@context\":\"https:\\\/\\\/schema.org\",\"@graph\":[{\"@type\":\"Article\",\"@id\":\"https:\\\/\\\/www.aerodrome-paray.fr\\\/blog\\\/21-22-juin-2025-journees-traine-queue-cest-presque-la\\\/#article\",\"isPartOf\":{\"@id\":\"https:\\\/\\\/www.aerodrome-paray.fr\\\/blog\\\/21-22-juin-2025-journees-traine-queue-cest-presque-la\\\/\"},\"author\":{\"name\":\"Jean Pierre Martinroche\",\"@id\":\"https:\\\/\\\/www.aerodrome-paray.fr\\\/blog\\\/#\\\/schema\\\/person\\\/cefd0c4678c1b9411b95df22582abed7\"},\"headline\":\"21 &#038; 22 JUIN 2025 : JOURN\u00c9ES \u00ab\u00a0TRA\u00ceNE-QUEUE\u00a0\u00bb&#8230; C&rsquo;est presque l\u00e0&#8230;\",\"datePublished\":\"2025-06-05T10:40:11+00:00\",\"dateModified\":\"2025-06-16T07:36:09+00:00\",\"mainEntityOfPage\":{\"@id\":\"https:\\\/\\\/www.aerodrome-paray.fr\\\/blog\\\/21-22-juin-2025-journees-traine-queue-cest-presque-la\\\/\"},\"wordCount\":136,\"image\":{\"@id\":\"https:\\\/\\\/www.aerodrome-paray.fr\\\/blog\\\/21-22-juin-2025-journees-traine-queue-cest-presque-la\\\/#primaryimage\"},\"thumbnailUrl\":\"https:\\\/\\\/www.aerodrome-paray.fr\\\/blog\\\/wp-content\\\/uploads\\\/WhatsApp-Image-2025-05-29-at-08.58.05.jpeg\",\"inLanguage\":\"fr-FR\"},{\"@type\":\"WebPage\",\"@id\":\"https:\\\/\\\/www.aerodrome-paray.fr\\\/blog\\\/21-22-juin-2025-journees-traine-queue-cest-presque-la\\\/\",\"url\":\"https:\\\/\\\/www.aerodrome-paray.fr\\\/blog\\\/21-22-juin-2025-journees-traine-queue-cest-presque-la\\\/\",\"name\":\"21 & 22 JUIN 2025 : JOURN\u00c9ES \\\"TRA\u00ceNE-QUEUE\\\"... C'est presque l\u00e0... - Aeroclub Charolais\",\"isPartOf\":{\"@id\":\"https:\\\/\\\/www.aerodrome-paray.fr\\\/blog\\\/#website\"},\"primaryImageOfPage\":{\"@id\":\"https:\\\/\\\/www.aerodrome-paray.fr\\\/blog\\\/21-22-juin-2025-journees-traine-queue-cest-presque-la\\\/#primaryimage\"},\"image\":{\"@id\":\"https:\\\/\\\/www.aerodrome-paray.fr\\\/blog\\\/21-22-juin-2025-journees-traine-queue-cest-presque-la\\\/#primaryimage\"},\"thumbnailUrl\":\"https:\\\/\\\/www.aerodrome-paray.fr\\\/blog\\\/wp-content\\\/uploads\\\/WhatsApp-Image-2025-05-29-at-08.58.05.jpeg\",\"datePublished\":\"2025-06-05T10:40:11+00:00\",\"dateModified\":\"2025-06-16T07:36:09+00:00\",\"author\":{\"@id\":\"https:\\\/\\\/www.aerodrome-paray.fr\\\/blog\\\/#\\\/schema\\\/person\\\/cefd0c4678c1b9411b95df22582abed7\"},\"breadcrumb\":{\"@id\":\"https:\\\/\\\/www.aerodrome-paray.fr\\\/blog\\\/21-22-juin-2025-journees-traine-queue-cest-presque-la\\\/#breadcrumb\"},\"inLanguage\":\"fr-FR\",\"potentialAction\":[{\"@type\":\"ReadAction\",\"target\":[\"https:\\\/\\\/www.aerodrome-paray.fr\\\/blog\\\/21-22-juin-2025-journees-traine-queue-cest-presque-la\\\/\"]}]},{\"@type\":\"ImageObject\",\"inLanguage\":\"fr-FR\",\"@id\":\"https:\\\/\\\/www.aerodrome-paray.fr\\\/blog\\\/21-22-juin-2025-journees-traine-queue-cest-presque-la\\\/#primaryimage\",\"url\":\"https:\\\/\\\/www.aerodrome-paray.fr\\\/blog\\\/wp-content\\\/uploads\\\/WhatsApp-Image-2025-05-29-at-08.58.05.jpeg\",\"contentUrl\":\"https:\\\/\\\/www.aerodrome-paray.fr\\\/blog\\\/wp-content\\\/uploads\\\/WhatsApp-Image-2025-05-29-at-08.58.05.jpeg\",\"width\":2000,\"height\":1332},{\"@type\":\"BreadcrumbList\",\"@id\":\"https:\\\/\\\/www.aerodrome-paray.fr\\\/blog\\\/21-22-juin-2025-journees-traine-queue-cest-presque-la\\\/#breadcrumb\",\"itemListElement\":[{\"@type\":\"ListItem\",\"position\":1,\"name\":\"Accueil\",\"item\":\"https:\\\/\\\/www.aerodrome-paray.fr\\\/blog\\\/\"},{\"@type\":\"ListItem\",\"position\":2,\"name\":\"21 &#038; 22 JUIN 2025 : JOURN\u00c9ES \u00ab\u00a0TRA\u00ceNE-QUEUE\u00a0\u00bb&#8230; C&rsquo;est presque l\u00e0&#8230;\"}]},{\"@type\":\"WebSite\",\"@id\":\"https:\\\/\\\/www.aerodrome-paray.fr\\\/blog\\\/#website\",\"url\":\"https:\\\/\\\/www.aerodrome-paray.fr\\\/blog\\\/\",\"name\":\"Aeroclub Charolais\",\"description\":\"\",\"potentialAction\":[{\"@type\":\"SearchAction\",\"target\":{\"@type\":\"EntryPoint\",\"urlTemplate\":\"https:\\\/\\\/www.aerodrome-paray.fr\\\/blog\\\/?s={search_term_string}\"},\"query-input\":{\"@type\":\"PropertyValueSpecification\",\"valueRequired\":true,\"valueName\":\"search_term_string\"}}],\"inLanguage\":\"fr-FR\"},{\"@type\":\"Person\",\"@id\":\"https:\\\/\\\/www.aerodrome-paray.fr\\\/blog\\\/#\\\/schema\\\/person\\\/cefd0c4678c1b9411b95df22582abed7\",\"name\":\"Jean Pierre Martinroche\",\"image\":{\"@type\":\"ImageObject\",\"inLanguage\":\"fr-FR\",\"@id\":\"https:\\\/\\\/secure.gravatar.com\\\/avatar\\\/302da577d2e3565f43c729b1d87b2eb6c1910a0c9d0e4923cd7dc880c1de7c7b?s=96&d=mm&r=g\",\"url\":\"https:\\\/\\\/secure.gravatar.com\\\/avatar\\\/302da577d2e3565f43c729b1d87b2eb6c1910a0c9d0e4923cd7dc880c1de7c7b?s=96&d=mm&r=g\",\"contentUrl\":\"https:\\\/\\\/secure.gravatar.com\\\/avatar\\\/302da577d2e3565f43c729b1d87b2eb6c1910a0c9d0e4923cd7dc880c1de7c7b?s=96&d=mm&r=g\",\"caption\":\"Jean Pierre Martinroche\"},\"url\":\"https:\\\/\\\/www.aerodrome-paray.fr\\\/blog\\\/author\\\/jpmartinroche\\\/\"}]}<\/script>\n<!-- \/ Yoast SEO plugin. -->","yoast_head_json":{"title":"21 & 22 JUIN 2025 : JOURN\u00c9ES \"TRA\u00ceNE-QUEUE\"... C'est presque l\u00e0... - Aeroclub Charolais","robots":{"index":"index","follow":"follow","max-snippet":"max-snippet:-1","max-image-preview":"max-image-preview:large","max-video-preview":"max-video-preview:-1"},"canonical":"https:\/\/www.aerodrome-paray.fr\/blog\/21-22-juin-2025-journees-traine-queue-cest-presque-la\/","og_locale":"fr_FR","og_type":"article","og_title":"21 & 22 JUIN 2025 : JOURN\u00c9ES \"TRA\u00ceNE-QUEUE\"... C'est presque l\u00e0... - Aeroclub Charolais","og_description":"La date est maintenant tr\u00e8s proche. Un dernier point : Autour de150 machines inscrites pour ce 21\u00b0 rassemblement sur l&rsquo;a\u00e9rodrome de Paray-le-Monial, des pilotes venus de toute la France mais aussi de l&rsquo;\u00e9tranger, renfor\u00e7ant ainsi le caract\u00e8re international de la manifestation. Petit rappel : il est indispensable de s&rsquo;inscrire avant de venir, que vous soyez &hellip; Lire la suite","og_url":"https:\/\/www.aerodrome-paray.fr\/blog\/21-22-juin-2025-journees-traine-queue-cest-presque-la\/","og_site_name":"Aeroclub Charolais","article_published_time":"2025-06-05T10:40:11+00:00","article_modified_time":"2025-06-16T07:36:09+00:00","og_image":[{"width":2000,"height":1332,"url":"https:\/\/www.aerodrome-paray.fr\/blog\/wp-content\/uploads\/WhatsApp-Image-2025-05-29-at-08.58.05.jpeg","type":"image\/jpeg"}],"author":"Jean Pierre Martinroche","twitter_card":"summary_large_image","twitter_misc":{"\u00c9crit par":"Jean Pierre Martinroche","Dur\u00e9e de lecture estim\u00e9e":"3 minutes"},"schema":{"@context":"https:\/\/schema.org","@graph":[{"@type":"Article","@id":"https:\/\/www.aerodrome-paray.fr\/blog\/21-22-juin-2025-journees-traine-queue-cest-presque-la\/#article","isPartOf":{"@id":"https:\/\/www.aerodrome-paray.fr\/blog\/21-22-juin-2025-journees-traine-queue-cest-presque-la\/"},"author":{"name":"Jean Pierre Martinroche","@id":"https:\/\/www.aerodrome-paray.fr\/blog\/#\/schema\/person\/cefd0c4678c1b9411b95df22582abed7"},"headline":"21 &#038; 22 JUIN 2025 : JOURN\u00c9ES \u00ab\u00a0TRA\u00ceNE-QUEUE\u00a0\u00bb&#8230; C&rsquo;est presque l\u00e0&#8230;","datePublished":"2025-06-05T10:40:11+00:00","dateModified":"2025-06-16T07:36:09+00:00","mainEntityOfPage":{"@id":"https:\/\/www.aerodrome-paray.fr\/blog\/21-22-juin-2025-journees-traine-queue-cest-presque-la\/"},"wordCount":136,"image":{"@id":"https:\/\/www.aerodrome-paray.fr\/blog\/21-22-juin-2025-journees-traine-queue-cest-presque-la\/#primaryimage"},"thumbnailUrl":"https:\/\/www.aerodrome-paray.fr\/blog\/wp-content\/uploads\/WhatsApp-Image-2025-05-29-at-08.58.05.jpeg","inLanguage":"fr-FR"},{"@type":"WebPage","@id":"https:\/\/www.aerodrome-paray.fr\/blog\/21-22-juin-2025-journees-traine-queue-cest-presque-la\/","url":"https:\/\/www.aerodrome-paray.fr\/blog\/21-22-juin-2025-journees-traine-queue-cest-presque-la\/","name":"21 & 22 JUIN 2025 : JOURN\u00c9ES \"TRA\u00ceNE-QUEUE\"... C'est presque l\u00e0... - Aeroclub Charolais","isPartOf":{"@id":"https:\/\/www.aerodrome-paray.fr\/blog\/#website"},"primaryImageOfPage":{"@id":"https:\/\/www.aerodrome-paray.fr\/blog\/21-22-juin-2025-journees-traine-queue-cest-presque-la\/#primaryimage"},"image":{"@id":"https:\/\/www.aerodrome-paray.fr\/blog\/21-22-juin-2025-journees-traine-queue-cest-presque-la\/#primaryimage"},"thumbnailUrl":"https:\/\/www.aerodrome-paray.fr\/blog\/wp-content\/uploads\/WhatsApp-Image-2025-05-29-at-08.58.05.jpeg","datePublished":"2025-06-05T10:40:11+00:00","dateModified":"2025-06-16T07:36:09+00:00","author":{"@id":"https:\/\/www.aerodrome-paray.fr\/blog\/#\/schema\/person\/cefd0c4678c1b9411b95df22582abed7"},"breadcrumb":{"@id":"https:\/\/www.aerodrome-paray.fr\/blog\/21-22-juin-2025-journees-traine-queue-cest-presque-la\/#breadcrumb"},"inLanguage":"fr-FR","potentialAction":[{"@type":"ReadAction","target":["https:\/\/www.aerodrome-paray.fr\/blog\/21-22-juin-2025-journees-traine-queue-cest-presque-la\/"]}]},{"@type":"ImageObject","inLanguage":"fr-FR","@id":"https:\/\/www.aerodrome-paray.fr\/blog\/21-22-juin-2025-journees-traine-queue-cest-presque-la\/#primaryimage","url":"https:\/\/www.aerodrome-paray.fr\/blog\/wp-content\/uploads\/WhatsApp-Image-2025-05-29-at-08.58.05.jpeg","contentUrl":"https:\/\/www.aerodrome-paray.fr\/blog\/wp-content\/uploads\/WhatsApp-Image-2025-05-29-at-08.58.05.jpeg","width":2000,"height":1332},{"@type":"BreadcrumbList","@id":"https:\/\/www.aerodrome-paray.fr\/blog\/21-22-juin-2025-journees-traine-queue-cest-presque-la\/#breadcrumb","itemListElement":[{"@type":"ListItem","position":1,"name":"Accueil","item":"https:\/\/www.aerodrome-paray.fr\/blog\/"},{"@type":"ListItem","position":2,"name":"21 &#038; 22 JUIN 2025 : JOURN\u00c9ES \u00ab\u00a0TRA\u00ceNE-QUEUE\u00a0\u00bb&#8230; C&rsquo;est presque l\u00e0&#8230;"}]},{"@type":"WebSite","@id":"https:\/\/www.aerodrome-paray.fr\/blog\/#website","url":"https:\/\/www.aerodrome-paray.fr\/blog\/","name":"Aeroclub Charolais","description":"","potentialAction":[{"@type":"SearchAction","target":{"@type":"EntryPoint","urlTemplate":"https:\/\/www.aerodrome-paray.fr\/blog\/?s={search_term_string}"},"query-input":{"@type":"PropertyValueSpecification","valueRequired":true,"valueName":"search_term_string"}}],"inLanguage":"fr-FR"},{"@type":"Person","@id":"https:\/\/www.aerodrome-paray.fr\/blog\/#\/schema\/person\/cefd0c4678c1b9411b95df22582abed7","name":"Jean Pierre Martinroche","image":{"@type":"ImageObject","inLanguage":"fr-FR","@id":"https:\/\/secure.gravatar.com\/avatar\/302da577d2e3565f43c729b1d87b2eb6c1910a0c9d0e4923cd7dc880c1de7c7b?s=96&d=mm&r=g","url":"https:\/\/secure.gravatar.com\/avatar\/302da577d2e3565f43c729b1d87b2eb6c1910a0c9d0e4923cd7dc880c1de7c7b?s=96&d=mm&r=g","contentUrl":"https:\/\/secure.gravatar.com\/avatar\/302da577d2e3565f43c729b1d87b2eb6c1910a0c9d0e4923cd7dc880c1de7c7b?s=96&d=mm&r=g","caption":"Jean Pierre Martinroche"},"url":"https:\/\/www.aerodrome-paray.fr\/blog\/author\/jpmartinroche\/"}]}},"_links":{"self":[{"href":"https:\/\/www.aerodrome-paray.fr\/blog\/wp-json\/wp\/v2\/posts\/7285","targetHints":{"allow":["GET"]}}],"collection":[{"href":"https:\/\/www.aerodrome-paray.fr\/blog\/wp-json\/wp\/v2\/posts"}],"about":[{"href":"https:\/\/www.aerodrome-paray.fr\/blog\/wp-json\/wp\/v2\/types\/post"}],"author":[{"embeddable":true,"href":"https:\/\/www.aerodrome-paray.fr\/blog\/wp-json\/wp\/v2\/users\/2"}],"replies":[{"embeddable":true,"href":"https:\/\/www.aerodrome-paray.fr\/blog\/wp-json\/wp\/v2\/comments?post=7285"}],"version-history":[{"count":5,"href":"https:\/\/www.aerodrome-paray.fr\/blog\/wp-json\/wp\/v2\/posts\/7285\/revisions"}],"predecessor-version":[{"id":7300,"href":"https:\/\/www.aerodrome-paray.fr\/blog\/wp-json\/wp\/v2\/posts\/7285\/revisions\/7300"}],"wp:featuredmedia":[{"embeddable":true,"href":"https:\/\/www.aerodrome-paray.fr\/blog\/wp-json\/wp\/v2\/media\/7278"}],"wp:attachment":[{"href":"https:\/\/www.aerodrome-paray.fr\/blog\/wp-json\/wp\/v2\/media?parent=7285"}],"wp:term":[{"taxonomy":"category","embeddable":true,"href":"https:\/\/www.aerodrome-paray.fr\/blog\/wp-json\/wp\/v2\/categories?post=7285"},{"taxonomy":"post_tag","embeddable":true,"href":"https:\/\/www.aerodrome-paray.fr\/blog\/wp-json\/wp\/v2\/tags?post=7285"}],"curies":[{"name":"wp","href":"https:\/\/api.w.org\/{rel}","templated":true}]}}