{"id":7518,"date":"2025-06-28T19:49:48","date_gmt":"2025-06-28T17:49:48","guid":{"rendered":"https:\/\/www.aerodrome-paray.fr\/blog\/?p=7518"},"modified":"2025-07-04T16:34:53","modified_gmt":"2025-07-04T14:34:53","slug":"record-battu-pour-les-traine-queue-2025","status":"publish","type":"post","link":"https:\/\/www.aerodrome-paray.fr\/blog\/record-battu-pour-les-traine-queue-2025\/","title":{"rendered":"RECORD BATTU POUR LES \u00ab\u00a0TRA\u00ceNE-QUEUE\u00a0\u00bb 2025"},"content":{"rendered":"\t\t<div data-elementor-type=\"wp-post\" data-elementor-id=\"7518\" class=\"elementor elementor-7518\" data-elementor-post-type=\"post\">\n\t\t\t\t\t\t<section class=\"elementor-section elementor-top-section elementor-element elementor-element-3157adc elementor-section-boxed elementor-section-height-default elementor-section-height-default\" data-id=\"3157adc\" data-element_type=\"section\" data-e-type=\"section\">\n\t\t\t\t\t\t<div class=\"elementor-container elementor-column-gap-default\">\n\t\t\t\t\t<div class=\"elementor-column elementor-col-100 elementor-top-column elementor-element elementor-element-76ecb21\" data-id=\"76ecb21\" data-element_type=\"column\" data-e-type=\"column\">\n\t\t\t<div class=\"elementor-widget-wrap elementor-element-populated\">\n\t\t\t\t\t\t<div class=\"elementor-element elementor-element-edbdb5f elementor-widget elementor-widget-image\" data-id=\"edbdb5f\" data-element_type=\"widget\" data-e-type=\"widget\" data-widget_type=\"image.default\">\n\t\t\t\t<div class=\"elementor-widget-container\">\n\t\t\t\t\t\t\t\t\t\t\t\t\t\t\t<img fetchpriority=\"high\" decoding=\"async\" width=\"836\" height=\"558\" src=\"https:\/\/www.aerodrome-paray.fr\/blog\/wp-content\/uploads\/JTQ-25-19-1024x683.jpeg\" class=\"attachment-large size-large wp-image-7497\" alt=\"\" srcset=\"https:\/\/www.aerodrome-paray.fr\/blog\/wp-content\/uploads\/JTQ-25-19-1024x683.jpeg 1024w, https:\/\/www.aerodrome-paray.fr\/blog\/wp-content\/uploads\/JTQ-25-19-300x200.jpeg 300w, https:\/\/www.aerodrome-paray.fr\/blog\/wp-content\/uploads\/JTQ-25-19-768x512.jpeg 768w, https:\/\/www.aerodrome-paray.fr\/blog\/wp-content\/uploads\/JTQ-25-19-836x558.jpeg 836w, https:\/\/www.aerodrome-paray.fr\/blog\/wp-content\/uploads\/JTQ-25-19.jpeg 1280w\" sizes=\"(max-width: 836px) 100vw, 836px\" \/>\t\t\t\t\t\t\t\t\t\t\t\t\t\t\t<\/div>\n\t\t\t\t<\/div>\n\t\t\t\t\t<\/div>\n\t\t<\/div>\n\t\t\t\t\t<\/div>\n\t\t<\/section>\n\t\t\t\t<section class=\"elementor-section elementor-top-section elementor-element elementor-element-0c2719c elementor-section-boxed elementor-section-height-default elementor-section-height-default\" data-id=\"0c2719c\" data-element_type=\"section\" data-e-type=\"section\" data-settings=\"{&quot;background_background&quot;:&quot;classic&quot;}\">\n\t\t\t\t\t\t<div class=\"elementor-container elementor-column-gap-default\">\n\t\t\t\t\t<div class=\"elementor-column elementor-col-100 elementor-top-column elementor-element elementor-element-d3719b8\" data-id=\"d3719b8\" data-element_type=\"column\" data-e-type=\"column\">\n\t\t\t<div class=\"elementor-widget-wrap elementor-element-populated\">\n\t\t\t\t\t\t<div class=\"elementor-element elementor-element-ac2e046 elementor-widget elementor-widget-text-editor\" data-id=\"ac2e046\" data-element_type=\"widget\" data-e-type=\"widget\" data-widget_type=\"text-editor.default\">\n\t\t\t\t<div class=\"elementor-widget-container\">\n\t\t\t\t\t\t\t\t\t<p><span style=\"font-size: 10pt; color: #000000;\">21 et 22 juin : des journ\u00e9es qui resteront dans les annales de l&rsquo;a\u00e9ro-club : Le 21\u00b0 rassemblement des \u00ab\u00a0Tra\u00eene-Queue\u00a0\u00bb a tenu ses promesses&#8230;<\/span><br><span style=\"font-size: 10pt; color: #000000;\">Anthony, l&rsquo;organisateur en chef de l&rsquo;\u00e9v\u00e9nement, a eu la formule : \u00a0\u00bb Nous avons pris notre revanche&#8230; Et quelle revanche !\u00a0\u00bb<\/span><br><span style=\"font-size: 10pt; color: #000000;\">Apr\u00e8s une \u00e9dition 2024 annul\u00e9e pour raisons m\u00e9t\u00e9o, nous venons de vivre, certainement, le plus beau rassemblement depuis le d\u00e9but de son existence : avec 160 machines, le record est battu !<br>Et nous avons d\u00fb refuser des \u00e9quipages&#8230;<\/span><\/p>\t\t\t\t\t\t\t\t<\/div>\n\t\t\t\t<\/div>\n\t\t\t\t\t<\/div>\n\t\t<\/div>\n\t\t\t\t\t<\/div>\n\t\t<\/section>\n\t\t\t\t<section class=\"elementor-section elementor-top-section elementor-element elementor-element-8594122 elementor-section-boxed elementor-section-height-default elementor-section-height-default\" data-id=\"8594122\" data-element_type=\"section\" data-e-type=\"section\">\n\t\t\t\t\t\t<div class=\"elementor-container elementor-column-gap-default\">\n\t\t\t\t\t<div class=\"elementor-column elementor-col-100 elementor-top-column elementor-element elementor-element-fb9cb43\" data-id=\"fb9cb43\" data-element_type=\"column\" data-e-type=\"column\">\n\t\t\t<div class=\"elementor-widget-wrap elementor-element-populated\">\n\t\t\t\t\t\t<div class=\"elementor-element elementor-element-978e19d elementor-widget elementor-widget-image\" data-id=\"978e19d\" data-element_type=\"widget\" data-e-type=\"widget\" data-widget_type=\"image.default\">\n\t\t\t\t<div class=\"elementor-widget-container\">\n\t\t\t\t\t\t\t\t\t\t\t\t\t\t\t<img decoding=\"async\" width=\"836\" height=\"470\" src=\"https:\/\/www.aerodrome-paray.fr\/blog\/wp-content\/uploads\/JTQ-25-1-1-1024x576.jpeg\" class=\"attachment-large size-large wp-image-7524\" alt=\"\" srcset=\"https:\/\/www.aerodrome-paray.fr\/blog\/wp-content\/uploads\/JTQ-25-1-1-1024x576.jpeg 1024w, https:\/\/www.aerodrome-paray.fr\/blog\/wp-content\/uploads\/JTQ-25-1-1-300x169.jpeg 300w, https:\/\/www.aerodrome-paray.fr\/blog\/wp-content\/uploads\/JTQ-25-1-1-768x432.jpeg 768w, https:\/\/www.aerodrome-paray.fr\/blog\/wp-content\/uploads\/JTQ-25-1-1-836x470.jpeg 836w, https:\/\/www.aerodrome-paray.fr\/blog\/wp-content\/uploads\/JTQ-25-1-1.jpeg 1280w\" sizes=\"(max-width: 836px) 100vw, 836px\" \/>\t\t\t\t\t\t\t\t\t\t\t\t\t\t\t<\/div>\n\t\t\t\t<\/div>\n\t\t\t\t\t<\/div>\n\t\t<\/div>\n\t\t\t\t\t<\/div>\n\t\t<\/section>\n\t\t\t\t<section class=\"elementor-section elementor-top-section elementor-element elementor-element-c352be4 elementor-section-boxed elementor-section-height-default elementor-section-height-default\" data-id=\"c352be4\" data-element_type=\"section\" data-e-type=\"section\">\n\t\t\t\t\t\t<div class=\"elementor-container elementor-column-gap-default\">\n\t\t\t\t\t<div class=\"elementor-column elementor-col-100 elementor-top-column elementor-element elementor-element-aca9c25\" data-id=\"aca9c25\" data-element_type=\"column\" data-e-type=\"column\">\n\t\t\t<div class=\"elementor-widget-wrap elementor-element-populated\">\n\t\t\t\t\t\t<div class=\"elementor-element elementor-element-3432c4b elementor-widget elementor-widget-text-editor\" data-id=\"3432c4b\" data-element_type=\"widget\" data-e-type=\"widget\" data-widget_type=\"text-editor.default\">\n\t\t\t\t<div class=\"elementor-widget-container\">\n\t\t\t\t\t\t\t\t\t<p><span style=\"color: #000000; font-size: small;\">Malgr\u00e9 la chaleur accablante, la quasi-totalit\u00e9 des inscrits s&rsquo;est pr\u00e9sent\u00e9e sur notre petit a\u00e9rodrome : avions et ULM \u00e0 train classique (\u00ab\u00a0Tra\u00eene-Queue\u00a0\u00bb) pour le plus grand nombre, mais aussi quelques trains tricycles (\u00e9galement bienvenus), des \u00e9quipages venus de toute la France, mais aussi de Suisse, Allemagne, Belgique, Luxembourg, Angleterre&#8230;, une grosse vingtaine de spotters.<\/span><br \/><span style=\"color: #000000; font-size: small;\">Durant ces deux journ\u00e9es et demies, nous avons pu admirer des machines magnifiques, pour certaines tr\u00e8s rares <span style=\"caret-color: #000000;\">et\u00a0<\/span>exceptionnelles, amen\u00e9es par des\u00a0<span style=\"caret-color: #000000;\">collectionneurs passionn\u00e9s. Au-del\u00e0 de tous ces avions, ce sont les \u00e9changes et l&rsquo;ambiance incroyables qui ont le plus marqu\u00e9 les participants : accueil, convivialit\u00e9, d\u00e9contraction et organisation sans faille.<\/span><\/span><\/p><p>\u00a0<\/p>\t\t\t\t\t\t\t\t<\/div>\n\t\t\t\t<\/div>\n\t\t\t\t\t<\/div>\n\t\t<\/div>\n\t\t\t\t\t<\/div>\n\t\t<\/section>\n\t\t\t\t<section class=\"elementor-section elementor-top-section elementor-element elementor-element-76281d8 elementor-section-boxed elementor-section-height-default elementor-section-height-default\" data-id=\"76281d8\" data-element_type=\"section\" data-e-type=\"section\" data-settings=\"{&quot;background_background&quot;:&quot;classic&quot;}\">\n\t\t\t\t\t\t<div class=\"elementor-container elementor-column-gap-default\">\n\t\t\t\t\t<div class=\"elementor-column elementor-col-33 elementor-top-column elementor-element elementor-element-0f62fe0\" data-id=\"0f62fe0\" data-element_type=\"column\" data-e-type=\"column\">\n\t\t\t<div class=\"elementor-widget-wrap elementor-element-populated\">\n\t\t\t\t\t\t<div class=\"elementor-element elementor-element-954b17a elementor-widget elementor-widget-image\" data-id=\"954b17a\" data-element_type=\"widget\" data-e-type=\"widget\" data-widget_type=\"image.default\">\n\t\t\t\t<div class=\"elementor-widget-container\">\n\t\t\t\t\t\t\t\t\t\t\t\t<figure class=\"wp-caption\">\n\t\t\t\t\t\t\t\t\t\t<img decoding=\"async\" width=\"836\" height=\"558\" src=\"https:\/\/www.aerodrome-paray.fr\/blog\/wp-content\/uploads\/JTQ-25-15-1024x683.jpeg\" class=\"attachment-large size-large wp-image-7501\" alt=\"\" srcset=\"https:\/\/www.aerodrome-paray.fr\/blog\/wp-content\/uploads\/JTQ-25-15-1024x683.jpeg 1024w, https:\/\/www.aerodrome-paray.fr\/blog\/wp-content\/uploads\/JTQ-25-15-300x200.jpeg 300w, https:\/\/www.aerodrome-paray.fr\/blog\/wp-content\/uploads\/JTQ-25-15-768x512.jpeg 768w, https:\/\/www.aerodrome-paray.fr\/blog\/wp-content\/uploads\/JTQ-25-15-836x558.jpeg 836w, https:\/\/www.aerodrome-paray.fr\/blog\/wp-content\/uploads\/JTQ-25-15.jpeg 1280w\" sizes=\"(max-width: 836px) 100vw, 836px\" \/>\t\t\t\t\t\t\t\t\t\t\t<figcaption class=\"widget-image-caption wp-caption-text\">Boeing Stearman : 4 appareils<\/figcaption>\n\t\t\t\t\t\t\t\t\t\t<\/figure>\n\t\t\t\t\t\t\t\t\t<\/div>\n\t\t\t\t<\/div>\n\t\t\t\t\t<\/div>\n\t\t<\/div>\n\t\t\t\t<div class=\"elementor-column elementor-col-33 elementor-top-column elementor-element elementor-element-a963e11\" data-id=\"a963e11\" data-element_type=\"column\" data-e-type=\"column\">\n\t\t\t<div class=\"elementor-widget-wrap elementor-element-populated\">\n\t\t\t\t\t\t<div class=\"elementor-element elementor-element-4b04d9c elementor-widget elementor-widget-image\" data-id=\"4b04d9c\" data-element_type=\"widget\" data-e-type=\"widget\" data-widget_type=\"image.default\">\n\t\t\t\t<div class=\"elementor-widget-container\">\n\t\t\t\t\t\t\t\t\t\t\t\t<figure class=\"wp-caption\">\n\t\t\t\t\t\t\t\t\t\t<img loading=\"lazy\" decoding=\"async\" width=\"836\" height=\"558\" src=\"https:\/\/www.aerodrome-paray.fr\/blog\/wp-content\/uploads\/JTQ-25-166-1024x683.jpeg\" class=\"attachment-large size-large wp-image-7350\" alt=\"\" srcset=\"https:\/\/www.aerodrome-paray.fr\/blog\/wp-content\/uploads\/JTQ-25-166-1024x683.jpeg 1024w, https:\/\/www.aerodrome-paray.fr\/blog\/wp-content\/uploads\/JTQ-25-166-300x200.jpeg 300w, https:\/\/www.aerodrome-paray.fr\/blog\/wp-content\/uploads\/JTQ-25-166-768x512.jpeg 768w, https:\/\/www.aerodrome-paray.fr\/blog\/wp-content\/uploads\/JTQ-25-166-836x558.jpeg 836w, https:\/\/www.aerodrome-paray.fr\/blog\/wp-content\/uploads\/JTQ-25-166.jpeg 1280w\" sizes=\"(max-width: 836px) 100vw, 836px\" \/>\t\t\t\t\t\t\t\t\t\t\t<figcaption class=\"widget-image-caption wp-caption-text\">Star du jour : Dewoitine D 26<\/figcaption>\n\t\t\t\t\t\t\t\t\t\t<\/figure>\n\t\t\t\t\t\t\t\t\t<\/div>\n\t\t\t\t<\/div>\n\t\t\t\t\t<\/div>\n\t\t<\/div>\n\t\t\t\t<div class=\"elementor-column elementor-col-33 elementor-top-column elementor-element elementor-element-ed069d4\" data-id=\"ed069d4\" data-element_type=\"column\" data-e-type=\"column\">\n\t\t\t<div class=\"elementor-widget-wrap elementor-element-populated\">\n\t\t\t\t\t\t<div class=\"elementor-element elementor-element-bc069bc elementor-widget elementor-widget-image\" data-id=\"bc069bc\" data-element_type=\"widget\" data-e-type=\"widget\" data-widget_type=\"image.default\">\n\t\t\t\t<div class=\"elementor-widget-container\">\n\t\t\t\t\t\t\t\t\t\t\t\t<figure class=\"wp-caption\">\n\t\t\t\t\t\t\t\t\t\t<img loading=\"lazy\" decoding=\"async\" width=\"836\" height=\"558\" src=\"https:\/\/www.aerodrome-paray.fr\/blog\/wp-content\/uploads\/JTQ-25-97-1024x683.jpeg\" class=\"attachment-large size-large wp-image-7419\" alt=\"\" srcset=\"https:\/\/www.aerodrome-paray.fr\/blog\/wp-content\/uploads\/JTQ-25-97-1024x683.jpeg 1024w, https:\/\/www.aerodrome-paray.fr\/blog\/wp-content\/uploads\/JTQ-25-97-300x200.jpeg 300w, https:\/\/www.aerodrome-paray.fr\/blog\/wp-content\/uploads\/JTQ-25-97-768x512.jpeg 768w, https:\/\/www.aerodrome-paray.fr\/blog\/wp-content\/uploads\/JTQ-25-97-836x558.jpeg 836w, https:\/\/www.aerodrome-paray.fr\/blog\/wp-content\/uploads\/JTQ-25-97.jpeg 1280w\" sizes=\"(max-width: 836px) 100vw, 836px\" \/>\t\t\t\t\t\t\t\t\t\t\t<figcaption class=\"widget-image-caption wp-caption-text\">Duo de Pitts<\/figcaption>\n\t\t\t\t\t\t\t\t\t\t<\/figure>\n\t\t\t\t\t\t\t\t\t<\/div>\n\t\t\t\t<\/div>\n\t\t\t\t\t<\/div>\n\t\t<\/div>\n\t\t\t\t\t<\/div>\n\t\t<\/section>\n\t\t\t\t<section class=\"elementor-section elementor-top-section elementor-element elementor-element-e3abc51 elementor-section-boxed elementor-section-height-default elementor-section-height-default\" data-id=\"e3abc51\" data-element_type=\"section\" data-e-type=\"section\" data-settings=\"{&quot;background_background&quot;:&quot;classic&quot;}\">\n\t\t\t\t\t\t<div class=\"elementor-container elementor-column-gap-default\">\n\t\t\t\t\t<div class=\"elementor-column elementor-col-33 elementor-top-column elementor-element elementor-element-3ce3c53\" data-id=\"3ce3c53\" data-element_type=\"column\" data-e-type=\"column\">\n\t\t\t<div class=\"elementor-widget-wrap elementor-element-populated\">\n\t\t\t\t\t\t<div class=\"elementor-element elementor-element-4553f64 elementor-widget elementor-widget-image\" data-id=\"4553f64\" data-element_type=\"widget\" data-e-type=\"widget\" data-widget_type=\"image.default\">\n\t\t\t\t<div class=\"elementor-widget-container\">\n\t\t\t\t\t\t\t\t\t\t\t\t<figure class=\"wp-caption\">\n\t\t\t\t\t\t\t\t\t\t<img loading=\"lazy\" decoding=\"async\" width=\"836\" height=\"558\" src=\"https:\/\/www.aerodrome-paray.fr\/blog\/wp-content\/uploads\/JTQ-25-48-1024x683.jpeg\" class=\"attachment-large size-large wp-image-7468\" alt=\"\" srcset=\"https:\/\/www.aerodrome-paray.fr\/blog\/wp-content\/uploads\/JTQ-25-48-1024x683.jpeg 1024w, https:\/\/www.aerodrome-paray.fr\/blog\/wp-content\/uploads\/JTQ-25-48-300x200.jpeg 300w, https:\/\/www.aerodrome-paray.fr\/blog\/wp-content\/uploads\/JTQ-25-48-768x512.jpeg 768w, https:\/\/www.aerodrome-paray.fr\/blog\/wp-content\/uploads\/JTQ-25-48-836x558.jpeg 836w, https:\/\/www.aerodrome-paray.fr\/blog\/wp-content\/uploads\/JTQ-25-48.jpeg 1280w\" sizes=\"(max-width: 836px) 100vw, 836px\" \/>\t\t\t\t\t\t\t\t\t\t\t<figcaption class=\"widget-image-caption wp-caption-text\">Aviat Husky<\/figcaption>\n\t\t\t\t\t\t\t\t\t\t<\/figure>\n\t\t\t\t\t\t\t\t\t<\/div>\n\t\t\t\t<\/div>\n\t\t\t\t\t<\/div>\n\t\t<\/div>\n\t\t\t\t<div class=\"elementor-column elementor-col-33 elementor-top-column elementor-element elementor-element-7b43678\" data-id=\"7b43678\" data-element_type=\"column\" data-e-type=\"column\">\n\t\t\t<div class=\"elementor-widget-wrap elementor-element-populated\">\n\t\t\t\t\t\t<div class=\"elementor-element elementor-element-e08873a elementor-widget elementor-widget-image\" data-id=\"e08873a\" data-element_type=\"widget\" data-e-type=\"widget\" data-widget_type=\"image.default\">\n\t\t\t\t<div class=\"elementor-widget-container\">\n\t\t\t\t\t\t\t\t\t\t\t\t<figure class=\"wp-caption\">\n\t\t\t\t\t\t\t\t\t\t<img loading=\"lazy\" decoding=\"async\" width=\"836\" height=\"558\" src=\"https:\/\/www.aerodrome-paray.fr\/blog\/wp-content\/uploads\/JTQ-25-63-1024x683.jpeg\" class=\"attachment-large size-large wp-image-7453\" alt=\"\" srcset=\"https:\/\/www.aerodrome-paray.fr\/blog\/wp-content\/uploads\/JTQ-25-63-1024x683.jpeg 1024w, https:\/\/www.aerodrome-paray.fr\/blog\/wp-content\/uploads\/JTQ-25-63-300x200.jpeg 300w, https:\/\/www.aerodrome-paray.fr\/blog\/wp-content\/uploads\/JTQ-25-63-768x512.jpeg 768w, https:\/\/www.aerodrome-paray.fr\/blog\/wp-content\/uploads\/JTQ-25-63-836x558.jpeg 836w, https:\/\/www.aerodrome-paray.fr\/blog\/wp-content\/uploads\/JTQ-25-63.jpeg 1280w\" sizes=\"(max-width: 836px) 100vw, 836px\" \/>\t\t\t\t\t\t\t\t\t\t\t<figcaption class=\"widget-image-caption wp-caption-text\">Un des nombreux Piper<\/figcaption>\n\t\t\t\t\t\t\t\t\t\t<\/figure>\n\t\t\t\t\t\t\t\t\t<\/div>\n\t\t\t\t<\/div>\n\t\t\t\t\t<\/div>\n\t\t<\/div>\n\t\t\t\t<div class=\"elementor-column elementor-col-33 elementor-top-column elementor-element elementor-element-cd5fe72\" data-id=\"cd5fe72\" data-element_type=\"column\" data-e-type=\"column\">\n\t\t\t<div class=\"elementor-widget-wrap elementor-element-populated\">\n\t\t\t\t\t\t<div class=\"elementor-element elementor-element-9387d89 elementor-widget elementor-widget-image\" data-id=\"9387d89\" data-element_type=\"widget\" data-e-type=\"widget\" data-widget_type=\"image.default\">\n\t\t\t\t<div class=\"elementor-widget-container\">\n\t\t\t\t\t\t\t\t\t\t\t\t<figure class=\"wp-caption\">\n\t\t\t\t\t\t\t\t\t\t<img loading=\"lazy\" decoding=\"async\" width=\"836\" height=\"558\" src=\"https:\/\/www.aerodrome-paray.fr\/blog\/wp-content\/uploads\/JTQ-25-182-1024x683.jpeg\" class=\"attachment-large size-large wp-image-7334\" alt=\"\" srcset=\"https:\/\/www.aerodrome-paray.fr\/blog\/wp-content\/uploads\/JTQ-25-182-1024x683.jpeg 1024w, https:\/\/www.aerodrome-paray.fr\/blog\/wp-content\/uploads\/JTQ-25-182-300x200.jpeg 300w, https:\/\/www.aerodrome-paray.fr\/blog\/wp-content\/uploads\/JTQ-25-182-768x512.jpeg 768w, https:\/\/www.aerodrome-paray.fr\/blog\/wp-content\/uploads\/JTQ-25-182-836x558.jpeg 836w, https:\/\/www.aerodrome-paray.fr\/blog\/wp-content\/uploads\/JTQ-25-182.jpeg 1280w\" sizes=\"(max-width: 836px) 100vw, 836px\" \/>\t\t\t\t\t\t\t\t\t\t\t<figcaption class=\"widget-image-caption wp-caption-text\">Yak 52<\/figcaption>\n\t\t\t\t\t\t\t\t\t\t<\/figure>\n\t\t\t\t\t\t\t\t\t<\/div>\n\t\t\t\t<\/div>\n\t\t\t\t\t<\/div>\n\t\t<\/div>\n\t\t\t\t\t<\/div>\n\t\t<\/section>\n\t\t\t\t<section class=\"elementor-section elementor-top-section elementor-element elementor-element-208ba33 elementor-section-boxed elementor-section-height-default elementor-section-height-default\" data-id=\"208ba33\" data-element_type=\"section\" data-e-type=\"section\">\n\t\t\t\t\t\t<div class=\"elementor-container elementor-column-gap-default\">\n\t\t\t\t\t<div class=\"elementor-column elementor-col-50 elementor-top-column elementor-element elementor-element-bfa7b15\" data-id=\"bfa7b15\" data-element_type=\"column\" data-e-type=\"column\">\n\t\t\t<div class=\"elementor-widget-wrap elementor-element-populated\">\n\t\t\t\t\t\t<div class=\"elementor-element elementor-element-7b4e680 elementor-widget elementor-widget-text-editor\" data-id=\"7b4e680\" data-element_type=\"widget\" data-e-type=\"widget\" data-widget_type=\"text-editor.default\">\n\t\t\t\t<div class=\"elementor-widget-container\">\n\t\t\t\t\t\t\t\t\t<p style=\"text-align: center;\"><span style=\"color: #ff0000;\">Retrouvez d&rsquo;autres photos\u00a0<br \/><\/span><span style=\"color: #ff0000; font-family: var( --e-global-typography-text-font-family ), Sans-serif;\">dans la galerie TQ 2025<\/span><\/p>\t\t\t\t\t\t\t\t<\/div>\n\t\t\t\t<\/div>\n\t\t\t\t\t<\/div>\n\t\t<\/div>\n\t\t\t\t<div class=\"elementor-column elementor-col-50 elementor-top-column elementor-element elementor-element-d64f07e\" data-id=\"d64f07e\" data-element_type=\"column\" data-e-type=\"column\">\n\t\t\t<div class=\"elementor-widget-wrap elementor-element-populated\">\n\t\t\t\t\t\t<div class=\"elementor-element elementor-element-55bd9dc elementor-align-center elementor-widget elementor-widget-button\" data-id=\"55bd9dc\" data-element_type=\"widget\" data-e-type=\"widget\" data-widget_type=\"button.default\">\n\t\t\t\t<div class=\"elementor-widget-container\">\n\t\t\t\t\t\t\t\t\t<div class=\"elementor-button-wrapper\">\n\t\t\t\t\t<a class=\"elementor-button elementor-button-link elementor-size-sm\" href=\"https:\/\/www.aerodrome-paray.fr\/blog\/rassemblement-traine-queue-2025\/\">\n\t\t\t\t\t\t<span class=\"elementor-button-content-wrapper\">\n\t\t\t\t\t\t\t\t\t<span class=\"elementor-button-text\">Cliquez ici<\/span>\n\t\t\t\t\t<\/span>\n\t\t\t\t\t<\/a>\n\t\t\t\t<\/div>\n\t\t\t\t\t\t\t\t<\/div>\n\t\t\t\t<\/div>\n\t\t\t\t\t<\/div>\n\t\t<\/div>\n\t\t\t\t\t<\/div>\n\t\t<\/section>\n\t\t\t\t<section class=\"elementor-section elementor-top-section elementor-element elementor-element-1d7f02b elementor-section-boxed elementor-section-height-default elementor-section-height-default\" data-id=\"1d7f02b\" data-element_type=\"section\" data-e-type=\"section\">\n\t\t\t\t\t\t<div class=\"elementor-container elementor-column-gap-default\">\n\t\t\t\t\t<div class=\"elementor-column elementor-col-100 elementor-top-column elementor-element elementor-element-83ffed4\" data-id=\"83ffed4\" data-element_type=\"column\" data-e-type=\"column\">\n\t\t\t<div class=\"elementor-widget-wrap elementor-element-populated\">\n\t\t\t\t\t\t<div class=\"elementor-element elementor-element-2885c50 elementor-widget elementor-widget-text-editor\" data-id=\"2885c50\" data-element_type=\"widget\" data-e-type=\"widget\" data-widget_type=\"text-editor.default\">\n\t\t\t\t<div class=\"elementor-widget-container\">\n\t\t\t\t\t\t\t\t\t<p style=\"text-align: center;\"><span style=\"font-size: 14pt;\"><strong><span style=\"color: #993366;\">Prochains \u00e9v\u00e9nements sur notre plateforme<br \/>&#8211; Camp d&rsquo;\u00e9t\u00e9 de l&rsquo;association suisse AMPA (avions anciens)<br \/>du O2 au 06 juillet 2025<br \/>&#8211; Journ\u00e9es Portes Ouvertes : Sa 30 et di 31 ao\u00fbt 2025<\/span><\/strong><\/span><\/p>\t\t\t\t\t\t\t\t<\/div>\n\t\t\t\t<\/div>\n\t\t\t\t\t<\/div>\n\t\t<\/div>\n\t\t\t\t\t<\/div>\n\t\t<\/section>\n\t\t\t\t<\/div>\n\t\t","protected":false},"excerpt":{"rendered":"<p>21 et 22 juin : des journ\u00e9es qui resteront dans les annales de l&rsquo;a\u00e9ro-club : Le 21\u00b0 rassemblement des \u00ab\u00a0Tra\u00eene-Queue\u00a0\u00bb a tenu ses promesses&#8230;Anthony, l&rsquo;organisateur en chef de l&rsquo;\u00e9v\u00e9nement, a eu la formule : \u00a0\u00bb Nous avons pris notre revanche&#8230; Et quelle revanche !\u00a0\u00bbApr\u00e8s une \u00e9dition 2024 annul\u00e9e pour raisons m\u00e9t\u00e9o, nous venons de vivre, &hellip; <\/p>\n<p><a class=\"more-link btn\" href=\"https:\/\/www.aerodrome-paray.fr\/blog\/record-battu-pour-les-traine-queue-2025\/\">Lire la suite<\/a><\/p>\n","protected":false},"author":2,"featured_media":7524,"comment_status":"closed","ping_status":"closed","sticky":false,"template":"","format":"standard","meta":{"_monsterinsights_skip_tracking":false,"_monsterinsights_sitenote_active":false,"_monsterinsights_sitenote_note":"","_monsterinsights_sitenote_category":0,"footnotes":""},"categories":[1],"tags":[],"class_list":["post-7518","post","type-post","status-publish","format-standard","has-post-thumbnail","hentry","category-non-classe","item-wrap"],"yoast_head":"<!-- This site is optimized with the Yoast SEO plugin v27.5 - https:\/\/yoast.com\/product\/yoast-seo-wordpress\/ -->\n<title>RECORD BATTU POUR LES &quot;TRA\u00ceNE-QUEUE&quot; 2025 - Aeroclub Charolais<\/title>\n<meta name=\"robots\" content=\"index, follow, max-snippet:-1, max-image-preview:large, max-video-preview:-1\" \/>\n<link rel=\"canonical\" href=\"https:\/\/www.aerodrome-paray.fr\/blog\/record-battu-pour-les-traine-queue-2025\/\" \/>\n<meta property=\"og:locale\" content=\"fr_FR\" \/>\n<meta property=\"og:type\" content=\"article\" \/>\n<meta property=\"og:title\" content=\"RECORD BATTU POUR LES &quot;TRA\u00ceNE-QUEUE&quot; 2025 - Aeroclub Charolais\" \/>\n<meta property=\"og:description\" content=\"21 et 22 juin : des journ\u00e9es qui resteront dans les annales de l&rsquo;a\u00e9ro-club : Le 21\u00b0 rassemblement des \u00ab\u00a0Tra\u00eene-Queue\u00a0\u00bb a tenu ses promesses&#8230;Anthony, l&rsquo;organisateur en chef de l&rsquo;\u00e9v\u00e9nement, a eu la formule : \u00a0\u00bb Nous avons pris notre revanche&#8230; Et quelle revanche !\u00a0\u00bbApr\u00e8s une \u00e9dition 2024 annul\u00e9e pour raisons m\u00e9t\u00e9o, nous venons de vivre, &hellip; Lire la suite\" \/>\n<meta property=\"og:url\" content=\"https:\/\/www.aerodrome-paray.fr\/blog\/record-battu-pour-les-traine-queue-2025\/\" \/>\n<meta property=\"og:site_name\" content=\"Aeroclub Charolais\" \/>\n<meta property=\"article:published_time\" content=\"2025-06-28T17:49:48+00:00\" \/>\n<meta property=\"article:modified_time\" content=\"2025-07-04T14:34:53+00:00\" \/>\n<meta property=\"og:image\" content=\"https:\/\/www.aerodrome-paray.fr\/blog\/wp-content\/uploads\/JTQ-25-1-1.jpeg\" \/>\n\t<meta property=\"og:image:width\" content=\"1280\" \/>\n\t<meta property=\"og:image:height\" content=\"720\" \/>\n\t<meta property=\"og:image:type\" content=\"image\/jpeg\" \/>\n<meta name=\"author\" content=\"Jean Pierre Martinroche\" \/>\n<meta name=\"twitter:card\" content=\"summary_large_image\" \/>\n<meta name=\"twitter:label1\" content=\"\u00c9crit par\" \/>\n\t<meta name=\"twitter:data1\" content=\"Jean Pierre Martinroche\" \/>\n\t<meta name=\"twitter:label2\" content=\"Dur\u00e9e de lecture estim\u00e9e\" \/>\n\t<meta name=\"twitter:data2\" content=\"3 minutes\" \/>\n<script type=\"application\/ld+json\" class=\"yoast-schema-graph\">{\"@context\":\"https:\\\/\\\/schema.org\",\"@graph\":[{\"@type\":\"Article\",\"@id\":\"https:\\\/\\\/www.aerodrome-paray.fr\\\/blog\\\/record-battu-pour-les-traine-queue-2025\\\/#article\",\"isPartOf\":{\"@id\":\"https:\\\/\\\/www.aerodrome-paray.fr\\\/blog\\\/record-battu-pour-les-traine-queue-2025\\\/\"},\"author\":{\"name\":\"Jean Pierre Martinroche\",\"@id\":\"https:\\\/\\\/www.aerodrome-paray.fr\\\/blog\\\/#\\\/schema\\\/person\\\/cefd0c4678c1b9411b95df22582abed7\"},\"headline\":\"RECORD BATTU POUR LES \u00ab\u00a0TRA\u00ceNE-QUEUE\u00a0\u00bb 2025\",\"datePublished\":\"2025-06-28T17:49:48+00:00\",\"dateModified\":\"2025-07-04T14:34:53+00:00\",\"mainEntityOfPage\":{\"@id\":\"https:\\\/\\\/www.aerodrome-paray.fr\\\/blog\\\/record-battu-pour-les-traine-queue-2025\\\/\"},\"wordCount\":261,\"image\":{\"@id\":\"https:\\\/\\\/www.aerodrome-paray.fr\\\/blog\\\/record-battu-pour-les-traine-queue-2025\\\/#primaryimage\"},\"thumbnailUrl\":\"https:\\\/\\\/www.aerodrome-paray.fr\\\/blog\\\/wp-content\\\/uploads\\\/JTQ-25-1-1.jpeg\",\"inLanguage\":\"fr-FR\"},{\"@type\":\"WebPage\",\"@id\":\"https:\\\/\\\/www.aerodrome-paray.fr\\\/blog\\\/record-battu-pour-les-traine-queue-2025\\\/\",\"url\":\"https:\\\/\\\/www.aerodrome-paray.fr\\\/blog\\\/record-battu-pour-les-traine-queue-2025\\\/\",\"name\":\"RECORD BATTU POUR LES \\\"TRA\u00ceNE-QUEUE\\\" 2025 - Aeroclub Charolais\",\"isPartOf\":{\"@id\":\"https:\\\/\\\/www.aerodrome-paray.fr\\\/blog\\\/#website\"},\"primaryImageOfPage\":{\"@id\":\"https:\\\/\\\/www.aerodrome-paray.fr\\\/blog\\\/record-battu-pour-les-traine-queue-2025\\\/#primaryimage\"},\"image\":{\"@id\":\"https:\\\/\\\/www.aerodrome-paray.fr\\\/blog\\\/record-battu-pour-les-traine-queue-2025\\\/#primaryimage\"},\"thumbnailUrl\":\"https:\\\/\\\/www.aerodrome-paray.fr\\\/blog\\\/wp-content\\\/uploads\\\/JTQ-25-1-1.jpeg\",\"datePublished\":\"2025-06-28T17:49:48+00:00\",\"dateModified\":\"2025-07-04T14:34:53+00:00\",\"author\":{\"@id\":\"https:\\\/\\\/www.aerodrome-paray.fr\\\/blog\\\/#\\\/schema\\\/person\\\/cefd0c4678c1b9411b95df22582abed7\"},\"breadcrumb\":{\"@id\":\"https:\\\/\\\/www.aerodrome-paray.fr\\\/blog\\\/record-battu-pour-les-traine-queue-2025\\\/#breadcrumb\"},\"inLanguage\":\"fr-FR\",\"potentialAction\":[{\"@type\":\"ReadAction\",\"target\":[\"https:\\\/\\\/www.aerodrome-paray.fr\\\/blog\\\/record-battu-pour-les-traine-queue-2025\\\/\"]}]},{\"@type\":\"ImageObject\",\"inLanguage\":\"fr-FR\",\"@id\":\"https:\\\/\\\/www.aerodrome-paray.fr\\\/blog\\\/record-battu-pour-les-traine-queue-2025\\\/#primaryimage\",\"url\":\"https:\\\/\\\/www.aerodrome-paray.fr\\\/blog\\\/wp-content\\\/uploads\\\/JTQ-25-1-1.jpeg\",\"contentUrl\":\"https:\\\/\\\/www.aerodrome-paray.fr\\\/blog\\\/wp-content\\\/uploads\\\/JTQ-25-1-1.jpeg\",\"width\":1280,\"height\":720,\"caption\":\"Pr\u00e8s de 160 avions et ULM sur notre terrain. Merci \u00e0 Alexandre pour la photo prise depuis un drone\"},{\"@type\":\"BreadcrumbList\",\"@id\":\"https:\\\/\\\/www.aerodrome-paray.fr\\\/blog\\\/record-battu-pour-les-traine-queue-2025\\\/#breadcrumb\",\"itemListElement\":[{\"@type\":\"ListItem\",\"position\":1,\"name\":\"Accueil\",\"item\":\"https:\\\/\\\/www.aerodrome-paray.fr\\\/blog\\\/\"},{\"@type\":\"ListItem\",\"position\":2,\"name\":\"RECORD BATTU POUR LES \u00ab\u00a0TRA\u00ceNE-QUEUE\u00a0\u00bb 2025\"}]},{\"@type\":\"WebSite\",\"@id\":\"https:\\\/\\\/www.aerodrome-paray.fr\\\/blog\\\/#website\",\"url\":\"https:\\\/\\\/www.aerodrome-paray.fr\\\/blog\\\/\",\"name\":\"Aeroclub Charolais\",\"description\":\"\",\"potentialAction\":[{\"@type\":\"SearchAction\",\"target\":{\"@type\":\"EntryPoint\",\"urlTemplate\":\"https:\\\/\\\/www.aerodrome-paray.fr\\\/blog\\\/?s={search_term_string}\"},\"query-input\":{\"@type\":\"PropertyValueSpecification\",\"valueRequired\":true,\"valueName\":\"search_term_string\"}}],\"inLanguage\":\"fr-FR\"},{\"@type\":\"Person\",\"@id\":\"https:\\\/\\\/www.aerodrome-paray.fr\\\/blog\\\/#\\\/schema\\\/person\\\/cefd0c4678c1b9411b95df22582abed7\",\"name\":\"Jean Pierre Martinroche\",\"image\":{\"@type\":\"ImageObject\",\"inLanguage\":\"fr-FR\",\"@id\":\"https:\\\/\\\/secure.gravatar.com\\\/avatar\\\/302da577d2e3565f43c729b1d87b2eb6c1910a0c9d0e4923cd7dc880c1de7c7b?s=96&d=mm&r=g\",\"url\":\"https:\\\/\\\/secure.gravatar.com\\\/avatar\\\/302da577d2e3565f43c729b1d87b2eb6c1910a0c9d0e4923cd7dc880c1de7c7b?s=96&d=mm&r=g\",\"contentUrl\":\"https:\\\/\\\/secure.gravatar.com\\\/avatar\\\/302da577d2e3565f43c729b1d87b2eb6c1910a0c9d0e4923cd7dc880c1de7c7b?s=96&d=mm&r=g\",\"caption\":\"Jean Pierre Martinroche\"},\"url\":\"https:\\\/\\\/www.aerodrome-paray.fr\\\/blog\\\/author\\\/jpmartinroche\\\/\"}]}<\/script>\n<!-- \/ Yoast SEO plugin. -->","yoast_head_json":{"title":"RECORD BATTU POUR LES \"TRA\u00ceNE-QUEUE\" 2025 - Aeroclub Charolais","robots":{"index":"index","follow":"follow","max-snippet":"max-snippet:-1","max-image-preview":"max-image-preview:large","max-video-preview":"max-video-preview:-1"},"canonical":"https:\/\/www.aerodrome-paray.fr\/blog\/record-battu-pour-les-traine-queue-2025\/","og_locale":"fr_FR","og_type":"article","og_title":"RECORD BATTU POUR LES \"TRA\u00ceNE-QUEUE\" 2025 - Aeroclub Charolais","og_description":"21 et 22 juin : des journ\u00e9es qui resteront dans les annales de l&rsquo;a\u00e9ro-club : Le 21\u00b0 rassemblement des \u00ab\u00a0Tra\u00eene-Queue\u00a0\u00bb a tenu ses promesses&#8230;Anthony, l&rsquo;organisateur en chef de l&rsquo;\u00e9v\u00e9nement, a eu la formule : \u00a0\u00bb Nous avons pris notre revanche&#8230; Et quelle revanche !\u00a0\u00bbApr\u00e8s une \u00e9dition 2024 annul\u00e9e pour raisons m\u00e9t\u00e9o, nous venons de vivre, &hellip; Lire la suite","og_url":"https:\/\/www.aerodrome-paray.fr\/blog\/record-battu-pour-les-traine-queue-2025\/","og_site_name":"Aeroclub Charolais","article_published_time":"2025-06-28T17:49:48+00:00","article_modified_time":"2025-07-04T14:34:53+00:00","og_image":[{"width":1280,"height":720,"url":"https:\/\/www.aerodrome-paray.fr\/blog\/wp-content\/uploads\/JTQ-25-1-1.jpeg","type":"image\/jpeg"}],"author":"Jean Pierre Martinroche","twitter_card":"summary_large_image","twitter_misc":{"\u00c9crit par":"Jean Pierre Martinroche","Dur\u00e9e de lecture estim\u00e9e":"3 minutes"},"schema":{"@context":"https:\/\/schema.org","@graph":[{"@type":"Article","@id":"https:\/\/www.aerodrome-paray.fr\/blog\/record-battu-pour-les-traine-queue-2025\/#article","isPartOf":{"@id":"https:\/\/www.aerodrome-paray.fr\/blog\/record-battu-pour-les-traine-queue-2025\/"},"author":{"name":"Jean Pierre Martinroche","@id":"https:\/\/www.aerodrome-paray.fr\/blog\/#\/schema\/person\/cefd0c4678c1b9411b95df22582abed7"},"headline":"RECORD BATTU POUR LES \u00ab\u00a0TRA\u00ceNE-QUEUE\u00a0\u00bb 2025","datePublished":"2025-06-28T17:49:48+00:00","dateModified":"2025-07-04T14:34:53+00:00","mainEntityOfPage":{"@id":"https:\/\/www.aerodrome-paray.fr\/blog\/record-battu-pour-les-traine-queue-2025\/"},"wordCount":261,"image":{"@id":"https:\/\/www.aerodrome-paray.fr\/blog\/record-battu-pour-les-traine-queue-2025\/#primaryimage"},"thumbnailUrl":"https:\/\/www.aerodrome-paray.fr\/blog\/wp-content\/uploads\/JTQ-25-1-1.jpeg","inLanguage":"fr-FR"},{"@type":"WebPage","@id":"https:\/\/www.aerodrome-paray.fr\/blog\/record-battu-pour-les-traine-queue-2025\/","url":"https:\/\/www.aerodrome-paray.fr\/blog\/record-battu-pour-les-traine-queue-2025\/","name":"RECORD BATTU POUR LES \"TRA\u00ceNE-QUEUE\" 2025 - Aeroclub Charolais","isPartOf":{"@id":"https:\/\/www.aerodrome-paray.fr\/blog\/#website"},"primaryImageOfPage":{"@id":"https:\/\/www.aerodrome-paray.fr\/blog\/record-battu-pour-les-traine-queue-2025\/#primaryimage"},"image":{"@id":"https:\/\/www.aerodrome-paray.fr\/blog\/record-battu-pour-les-traine-queue-2025\/#primaryimage"},"thumbnailUrl":"https:\/\/www.aerodrome-paray.fr\/blog\/wp-content\/uploads\/JTQ-25-1-1.jpeg","datePublished":"2025-06-28T17:49:48+00:00","dateModified":"2025-07-04T14:34:53+00:00","author":{"@id":"https:\/\/www.aerodrome-paray.fr\/blog\/#\/schema\/person\/cefd0c4678c1b9411b95df22582abed7"},"breadcrumb":{"@id":"https:\/\/www.aerodrome-paray.fr\/blog\/record-battu-pour-les-traine-queue-2025\/#breadcrumb"},"inLanguage":"fr-FR","potentialAction":[{"@type":"ReadAction","target":["https:\/\/www.aerodrome-paray.fr\/blog\/record-battu-pour-les-traine-queue-2025\/"]}]},{"@type":"ImageObject","inLanguage":"fr-FR","@id":"https:\/\/www.aerodrome-paray.fr\/blog\/record-battu-pour-les-traine-queue-2025\/#primaryimage","url":"https:\/\/www.aerodrome-paray.fr\/blog\/wp-content\/uploads\/JTQ-25-1-1.jpeg","contentUrl":"https:\/\/www.aerodrome-paray.fr\/blog\/wp-content\/uploads\/JTQ-25-1-1.jpeg","width":1280,"height":720,"caption":"Pr\u00e8s de 160 avions et ULM sur notre terrain. Merci \u00e0 Alexandre pour la photo prise depuis un drone"},{"@type":"BreadcrumbList","@id":"https:\/\/www.aerodrome-paray.fr\/blog\/record-battu-pour-les-traine-queue-2025\/#breadcrumb","itemListElement":[{"@type":"ListItem","position":1,"name":"Accueil","item":"https:\/\/www.aerodrome-paray.fr\/blog\/"},{"@type":"ListItem","position":2,"name":"RECORD BATTU POUR LES \u00ab\u00a0TRA\u00ceNE-QUEUE\u00a0\u00bb 2025"}]},{"@type":"WebSite","@id":"https:\/\/www.aerodrome-paray.fr\/blog\/#website","url":"https:\/\/www.aerodrome-paray.fr\/blog\/","name":"Aeroclub Charolais","description":"","potentialAction":[{"@type":"SearchAction","target":{"@type":"EntryPoint","urlTemplate":"https:\/\/www.aerodrome-paray.fr\/blog\/?s={search_term_string}"},"query-input":{"@type":"PropertyValueSpecification","valueRequired":true,"valueName":"search_term_string"}}],"inLanguage":"fr-FR"},{"@type":"Person","@id":"https:\/\/www.aerodrome-paray.fr\/blog\/#\/schema\/person\/cefd0c4678c1b9411b95df22582abed7","name":"Jean Pierre Martinroche","image":{"@type":"ImageObject","inLanguage":"fr-FR","@id":"https:\/\/secure.gravatar.com\/avatar\/302da577d2e3565f43c729b1d87b2eb6c1910a0c9d0e4923cd7dc880c1de7c7b?s=96&d=mm&r=g","url":"https:\/\/secure.gravatar.com\/avatar\/302da577d2e3565f43c729b1d87b2eb6c1910a0c9d0e4923cd7dc880c1de7c7b?s=96&d=mm&r=g","contentUrl":"https:\/\/secure.gravatar.com\/avatar\/302da577d2e3565f43c729b1d87b2eb6c1910a0c9d0e4923cd7dc880c1de7c7b?s=96&d=mm&r=g","caption":"Jean Pierre Martinroche"},"url":"https:\/\/www.aerodrome-paray.fr\/blog\/author\/jpmartinroche\/"}]}},"_links":{"self":[{"href":"https:\/\/www.aerodrome-paray.fr\/blog\/wp-json\/wp\/v2\/posts\/7518","targetHints":{"allow":["GET"]}}],"collection":[{"href":"https:\/\/www.aerodrome-paray.fr\/blog\/wp-json\/wp\/v2\/posts"}],"about":[{"href":"https:\/\/www.aerodrome-paray.fr\/blog\/wp-json\/wp\/v2\/types\/post"}],"author":[{"embeddable":true,"href":"https:\/\/www.aerodrome-paray.fr\/blog\/wp-json\/wp\/v2\/users\/2"}],"replies":[{"embeddable":true,"href":"https:\/\/www.aerodrome-paray.fr\/blog\/wp-json\/wp\/v2\/comments?post=7518"}],"version-history":[{"count":5,"href":"https:\/\/www.aerodrome-paray.fr\/blog\/wp-json\/wp\/v2\/posts\/7518\/revisions"}],"predecessor-version":[{"id":7572,"href":"https:\/\/www.aerodrome-paray.fr\/blog\/wp-json\/wp\/v2\/posts\/7518\/revisions\/7572"}],"wp:featuredmedia":[{"embeddable":true,"href":"https:\/\/www.aerodrome-paray.fr\/blog\/wp-json\/wp\/v2\/media\/7524"}],"wp:attachment":[{"href":"https:\/\/www.aerodrome-paray.fr\/blog\/wp-json\/wp\/v2\/media?parent=7518"}],"wp:term":[{"taxonomy":"category","embeddable":true,"href":"https:\/\/www.aerodrome-paray.fr\/blog\/wp-json\/wp\/v2\/categories?post=7518"},{"taxonomy":"post_tag","embeddable":true,"href":"https:\/\/www.aerodrome-paray.fr\/blog\/wp-json\/wp\/v2\/tags?post=7518"}],"curies":[{"name":"wp","href":"https:\/\/api.w.org\/{rel}","templated":true}]}}