{"id":7660,"date":"2025-07-06T19:24:53","date_gmt":"2025-07-06T17:24:53","guid":{"rendered":"https:\/\/www.aerodrome-paray.fr\/blog\/?p=7660"},"modified":"2025-07-06T19:37:34","modified_gmt":"2025-07-06T17:37:34","slug":"du-02-au-06-juillet-2025-laerodrome-aux-couleurs-de-la-suisse","status":"publish","type":"post","link":"https:\/\/www.aerodrome-paray.fr\/blog\/du-02-au-06-juillet-2025-laerodrome-aux-couleurs-de-la-suisse\/","title":{"rendered":"Du 02 au 06 juillet 2025 : l&rsquo;a\u00e9rodrome aux couleurs de la Suisse"},"content":{"rendered":"\t\t<div data-elementor-type=\"wp-post\" data-elementor-id=\"7660\" class=\"elementor elementor-7660\" data-elementor-post-type=\"post\">\n\t\t\t\t\t\t<section class=\"elementor-section elementor-top-section elementor-element elementor-element-276e408 elementor-section-boxed elementor-section-height-default elementor-section-height-default\" data-id=\"276e408\" data-element_type=\"section\" data-e-type=\"section\">\n\t\t\t\t\t\t<div class=\"elementor-container elementor-column-gap-default\">\n\t\t\t\t\t<div class=\"elementor-column elementor-col-50 elementor-top-column elementor-element elementor-element-5e1dd6c\" data-id=\"5e1dd6c\" data-element_type=\"column\" data-e-type=\"column\">\n\t\t\t<div class=\"elementor-widget-wrap elementor-element-populated\">\n\t\t\t\t\t\t<div class=\"elementor-element elementor-element-8af6104 elementor-widget elementor-widget-image\" data-id=\"8af6104\" data-element_type=\"widget\" data-e-type=\"widget\" data-widget_type=\"image.default\">\n\t\t\t\t<div class=\"elementor-widget-container\">\n\t\t\t\t\t\t\t\t\t\t\t\t\t\t\t<img fetchpriority=\"high\" decoding=\"async\" width=\"836\" height=\"597\" src=\"https:\/\/www.aerodrome-paray.fr\/blog\/wp-content\/uploads\/AMPA-0-1024x731.png\" class=\"attachment-large size-large wp-image-7655\" alt=\"\" srcset=\"https:\/\/www.aerodrome-paray.fr\/blog\/wp-content\/uploads\/AMPA-0-1024x731.png 1024w, https:\/\/www.aerodrome-paray.fr\/blog\/wp-content\/uploads\/AMPA-0-300x214.png 300w, https:\/\/www.aerodrome-paray.fr\/blog\/wp-content\/uploads\/AMPA-0-768x549.png 768w, https:\/\/www.aerodrome-paray.fr\/blog\/wp-content\/uploads\/AMPA-0-1536x1097.png 1536w, https:\/\/www.aerodrome-paray.fr\/blog\/wp-content\/uploads\/AMPA-0-2048x1463.png 2048w, https:\/\/www.aerodrome-paray.fr\/blog\/wp-content\/uploads\/AMPA-0-836x597.png 836w\" sizes=\"(max-width: 836px) 100vw, 836px\" \/>\t\t\t\t\t\t\t\t\t\t\t\t\t\t\t<\/div>\n\t\t\t\t<\/div>\n\t\t\t\t\t<\/div>\n\t\t<\/div>\n\t\t\t\t<div class=\"elementor-column elementor-col-50 elementor-top-column elementor-element elementor-element-b4cdce4\" data-id=\"b4cdce4\" data-element_type=\"column\" data-e-type=\"column\">\n\t\t\t<div class=\"elementor-widget-wrap elementor-element-populated\">\n\t\t\t\t\t\t<div class=\"elementor-element elementor-element-b93bf3c elementor-widget elementor-widget-image\" data-id=\"b93bf3c\" data-element_type=\"widget\" data-e-type=\"widget\" data-widget_type=\"image.default\">\n\t\t\t\t<div class=\"elementor-widget-container\">\n\t\t\t\t\t\t\t\t\t\t\t\t\t\t\t<img decoding=\"async\" width=\"836\" height=\"558\" src=\"https:\/\/www.aerodrome-paray.fr\/blog\/wp-content\/uploads\/AMPA-1-1024x683.jpeg\" class=\"attachment-large size-large wp-image-7654\" alt=\"\" srcset=\"https:\/\/www.aerodrome-paray.fr\/blog\/wp-content\/uploads\/AMPA-1-1024x683.jpeg 1024w, https:\/\/www.aerodrome-paray.fr\/blog\/wp-content\/uploads\/AMPA-1-300x200.jpeg 300w, https:\/\/www.aerodrome-paray.fr\/blog\/wp-content\/uploads\/AMPA-1-768x512.jpeg 768w, https:\/\/www.aerodrome-paray.fr\/blog\/wp-content\/uploads\/AMPA-1-836x558.jpeg 836w, https:\/\/www.aerodrome-paray.fr\/blog\/wp-content\/uploads\/AMPA-1.jpeg 1280w\" sizes=\"(max-width: 836px) 100vw, 836px\" \/>\t\t\t\t\t\t\t\t\t\t\t\t\t\t\t<\/div>\n\t\t\t\t<\/div>\n\t\t\t\t\t<\/div>\n\t\t<\/div>\n\t\t\t\t\t<\/div>\n\t\t<\/section>\n\t\t\t\t<section class=\"elementor-section elementor-top-section elementor-element elementor-element-614f661 elementor-section-boxed elementor-section-height-default elementor-section-height-default\" data-id=\"614f661\" data-element_type=\"section\" data-e-type=\"section\">\n\t\t\t\t\t\t<div class=\"elementor-container elementor-column-gap-default\">\n\t\t\t\t\t<div class=\"elementor-column elementor-col-100 elementor-top-column elementor-element elementor-element-a085adf\" data-id=\"a085adf\" data-element_type=\"column\" data-e-type=\"column\">\n\t\t\t<div class=\"elementor-widget-wrap\">\n\t\t\t\t\t\t\t<\/div>\n\t\t<\/div>\n\t\t\t\t\t<\/div>\n\t\t<\/section>\n\t\t\t\t<section class=\"elementor-section elementor-top-section elementor-element elementor-element-ec35645 elementor-section-boxed elementor-section-height-default elementor-section-height-default\" data-id=\"ec35645\" data-element_type=\"section\" data-e-type=\"section\">\n\t\t\t\t\t\t<div class=\"elementor-container elementor-column-gap-default\">\n\t\t\t\t\t<div class=\"elementor-column elementor-col-100 elementor-top-column elementor-element elementor-element-71ed418\" data-id=\"71ed418\" data-element_type=\"column\" data-e-type=\"column\">\n\t\t\t<div class=\"elementor-widget-wrap elementor-element-populated\">\n\t\t\t\t\t\t<div class=\"elementor-element elementor-element-4c2d5ce elementor-widget elementor-widget-text-editor\" data-id=\"4c2d5ce\" data-element_type=\"widget\" data-e-type=\"widget\" data-widget_type=\"text-editor.default\">\n\t\t\t\t<div class=\"elementor-widget-container\">\n\t\t\t\t\t\t\t\t\t<p>Du 02 au 06 juillet : Nous avons accueilli le Camp d&rsquo;\u00c9t\u00e9 (Summer Camp) de l&rsquo;AMPA (Association pour le Maintien du Patrimoine A\u00e9ronautique). Depuis plus de 30 ans, l\u00a0\u00bbAMPA restaure, sauvegarde, fait voler et pr\u00e9sente au public des avions anciens, t\u00e9moins d&rsquo;une autre \u00e9poque, des appareils amoureusement entretenus et pr\u00e9serv\u00e9s.<br \/>Cette association suisse regroupe environ 500 membres ou sympathisants. La FMPA\/AMPA \u00a0est propri\u00e9taire ou co-propri\u00e9taire de plusieurs appareils historiques, notamment une int\u00e9ressante collection d&rsquo;avions militaires suisses. Ces appareils sont bas\u00e9s principalement \u00e0 Lausanne, mais aussi \u00e0 Bex, Prangins, Yverdon, Neuch\u00e2tel, Gen\u00e8ve&#8230;<br \/>On a plusieurs fois eu l&rsquo;occasion d&rsquo;en voir certains \u00e0 Paray, principalement \u00e0 l&rsquo;occasion des Journ\u00e9es \u00ab\u00a0Tra\u00eene-Queue\u00a0\u00bb. Cette ann\u00e9e, nous avons pu notamment admirer le Dewoitine D-26, un avion militaire suisse rarissime, seul exemplaire au monde en capacit\u00e9 de voler.<br \/>C&rsquo;est une chance et une grand fiert\u00e9 pour notre a\u00e9ro-club d&rsquo;avoir re\u00e7u cette association en terre charolaise.<br \/>Une occasion unique de voir sur notre terrain de tr\u00e8s belles machines. Quelques exemples ci-dessous :<\/p>\t\t\t\t\t\t\t\t<\/div>\n\t\t\t\t<\/div>\n\t\t\t\t\t<\/div>\n\t\t<\/div>\n\t\t\t\t\t<\/div>\n\t\t<\/section>\n\t\t\t\t<section class=\"elementor-section elementor-top-section elementor-element elementor-element-d066e93 elementor-section-boxed elementor-section-height-default elementor-section-height-default\" data-id=\"d066e93\" data-element_type=\"section\" data-e-type=\"section\" data-settings=\"{&quot;background_background&quot;:&quot;classic&quot;}\">\n\t\t\t\t\t\t<div class=\"elementor-container elementor-column-gap-default\">\n\t\t\t\t\t<div class=\"elementor-column elementor-col-33 elementor-top-column elementor-element elementor-element-bdf7b9d\" data-id=\"bdf7b9d\" data-element_type=\"column\" data-e-type=\"column\">\n\t\t\t<div class=\"elementor-widget-wrap elementor-element-populated\">\n\t\t\t\t\t\t<div class=\"elementor-element elementor-element-800e3a9 elementor-widget elementor-widget-image\" data-id=\"800e3a9\" data-element_type=\"widget\" data-e-type=\"widget\" data-widget_type=\"image.default\">\n\t\t\t\t<div class=\"elementor-widget-container\">\n\t\t\t\t\t\t\t\t\t\t\t\t<figure class=\"wp-caption\">\n\t\t\t\t\t\t\t\t\t\t<img decoding=\"async\" width=\"836\" height=\"558\" src=\"https:\/\/www.aerodrome-paray.fr\/blog\/wp-content\/uploads\/AMPA-41-1024x683.jpeg\" class=\"attachment-large size-large wp-image-7619\" alt=\"\" srcset=\"https:\/\/www.aerodrome-paray.fr\/blog\/wp-content\/uploads\/AMPA-41-1024x683.jpeg 1024w, https:\/\/www.aerodrome-paray.fr\/blog\/wp-content\/uploads\/AMPA-41-300x200.jpeg 300w, https:\/\/www.aerodrome-paray.fr\/blog\/wp-content\/uploads\/AMPA-41-768x512.jpeg 768w, https:\/\/www.aerodrome-paray.fr\/blog\/wp-content\/uploads\/AMPA-41-836x558.jpeg 836w, https:\/\/www.aerodrome-paray.fr\/blog\/wp-content\/uploads\/AMPA-41.jpeg 1280w\" sizes=\"(max-width: 836px) 100vw, 836px\" \/>\t\t\t\t\t\t\t\t\t\t\t<figcaption class=\"widget-image-caption wp-caption-text\">Zlin 326, avion d'entra\u00eenement<\/figcaption>\n\t\t\t\t\t\t\t\t\t\t<\/figure>\n\t\t\t\t\t\t\t\t\t<\/div>\n\t\t\t\t<\/div>\n\t\t\t\t\t<\/div>\n\t\t<\/div>\n\t\t\t\t<div class=\"elementor-column elementor-col-33 elementor-top-column elementor-element elementor-element-fb3238a\" data-id=\"fb3238a\" data-element_type=\"column\" data-e-type=\"column\">\n\t\t\t<div class=\"elementor-widget-wrap elementor-element-populated\">\n\t\t\t\t\t\t<div class=\"elementor-element elementor-element-b9efa9d elementor-widget elementor-widget-image\" data-id=\"b9efa9d\" data-element_type=\"widget\" data-e-type=\"widget\" data-widget_type=\"image.default\">\n\t\t\t\t<div class=\"elementor-widget-container\">\n\t\t\t\t\t\t\t\t\t\t\t\t<figure class=\"wp-caption\">\n\t\t\t\t\t\t\t\t\t\t<img loading=\"lazy\" decoding=\"async\" width=\"836\" height=\"558\" src=\"https:\/\/www.aerodrome-paray.fr\/blog\/wp-content\/uploads\/AMPA-52-1024x683.jpeg\" class=\"attachment-large size-large wp-image-7609\" alt=\"\" srcset=\"https:\/\/www.aerodrome-paray.fr\/blog\/wp-content\/uploads\/AMPA-52-1024x683.jpeg 1024w, https:\/\/www.aerodrome-paray.fr\/blog\/wp-content\/uploads\/AMPA-52-300x200.jpeg 300w, https:\/\/www.aerodrome-paray.fr\/blog\/wp-content\/uploads\/AMPA-52-768x512.jpeg 768w, https:\/\/www.aerodrome-paray.fr\/blog\/wp-content\/uploads\/AMPA-52-836x558.jpeg 836w, https:\/\/www.aerodrome-paray.fr\/blog\/wp-content\/uploads\/AMPA-52.jpeg 1280w\" sizes=\"(max-width: 836px) 100vw, 836px\" \/>\t\t\t\t\t\t\t\t\t\t\t<figcaption class=\"widget-image-caption wp-caption-text\">B\u00fccker B\u00fc 131 de 1939<\/figcaption>\n\t\t\t\t\t\t\t\t\t\t<\/figure>\n\t\t\t\t\t\t\t\t\t<\/div>\n\t\t\t\t<\/div>\n\t\t\t\t\t<\/div>\n\t\t<\/div>\n\t\t\t\t<div class=\"elementor-column elementor-col-33 elementor-top-column elementor-element elementor-element-49b594a\" data-id=\"49b594a\" data-element_type=\"column\" data-e-type=\"column\">\n\t\t\t<div class=\"elementor-widget-wrap elementor-element-populated\">\n\t\t\t\t\t\t<div class=\"elementor-element elementor-element-ff1c14b elementor-widget elementor-widget-image\" data-id=\"ff1c14b\" data-element_type=\"widget\" data-e-type=\"widget\" data-widget_type=\"image.default\">\n\t\t\t\t<div class=\"elementor-widget-container\">\n\t\t\t\t\t\t\t\t\t\t\t\t<figure class=\"wp-caption\">\n\t\t\t\t\t\t\t\t\t\t<img loading=\"lazy\" decoding=\"async\" width=\"836\" height=\"558\" src=\"https:\/\/www.aerodrome-paray.fr\/blog\/wp-content\/uploads\/AMPA-13-1024x683.jpeg\" class=\"attachment-large size-large wp-image-7651\" alt=\"\" srcset=\"https:\/\/www.aerodrome-paray.fr\/blog\/wp-content\/uploads\/AMPA-13-1024x683.jpeg 1024w, https:\/\/www.aerodrome-paray.fr\/blog\/wp-content\/uploads\/AMPA-13-300x200.jpeg 300w, https:\/\/www.aerodrome-paray.fr\/blog\/wp-content\/uploads\/AMPA-13-768x512.jpeg 768w, https:\/\/www.aerodrome-paray.fr\/blog\/wp-content\/uploads\/AMPA-13-836x558.jpeg 836w, https:\/\/www.aerodrome-paray.fr\/blog\/wp-content\/uploads\/AMPA-13.jpeg 1280w\" sizes=\"(max-width: 836px) 100vw, 836px\" \/>\t\t\t\t\t\t\t\t\t\t\t<figcaption class=\"widget-image-caption wp-caption-text\">Pilatus PC-7 de 1982<\/figcaption>\n\t\t\t\t\t\t\t\t\t\t<\/figure>\n\t\t\t\t\t\t\t\t\t<\/div>\n\t\t\t\t<\/div>\n\t\t\t\t\t<\/div>\n\t\t<\/div>\n\t\t\t\t\t<\/div>\n\t\t<\/section>\n\t\t\t\t<section class=\"elementor-section elementor-top-section elementor-element elementor-element-571b06c elementor-section-boxed elementor-section-height-default elementor-section-height-default\" data-id=\"571b06c\" data-element_type=\"section\" data-e-type=\"section\" data-settings=\"{&quot;background_background&quot;:&quot;classic&quot;}\">\n\t\t\t\t\t\t<div class=\"elementor-container elementor-column-gap-default\">\n\t\t\t\t\t<div class=\"elementor-column elementor-col-33 elementor-top-column elementor-element elementor-element-627f308\" data-id=\"627f308\" data-element_type=\"column\" data-e-type=\"column\">\n\t\t\t<div class=\"elementor-widget-wrap elementor-element-populated\">\n\t\t\t\t\t\t<div class=\"elementor-element elementor-element-b82c248 elementor-widget elementor-widget-image\" data-id=\"b82c248\" data-element_type=\"widget\" data-e-type=\"widget\" data-widget_type=\"image.default\">\n\t\t\t\t<div class=\"elementor-widget-container\">\n\t\t\t\t\t\t\t\t\t\t\t\t<figure class=\"wp-caption\">\n\t\t\t\t\t\t\t\t\t\t<img loading=\"lazy\" decoding=\"async\" width=\"836\" height=\"558\" src=\"https:\/\/www.aerodrome-paray.fr\/blog\/wp-content\/uploads\/AMPA-55-1024x683.jpeg\" class=\"attachment-large size-large wp-image-7598\" alt=\"\" srcset=\"https:\/\/www.aerodrome-paray.fr\/blog\/wp-content\/uploads\/AMPA-55-1024x683.jpeg 1024w, https:\/\/www.aerodrome-paray.fr\/blog\/wp-content\/uploads\/AMPA-55-300x200.jpeg 300w, https:\/\/www.aerodrome-paray.fr\/blog\/wp-content\/uploads\/AMPA-55-768x512.jpeg 768w, https:\/\/www.aerodrome-paray.fr\/blog\/wp-content\/uploads\/AMPA-55-836x558.jpeg 836w, https:\/\/www.aerodrome-paray.fr\/blog\/wp-content\/uploads\/AMPA-55.jpeg 1280w\" sizes=\"(max-width: 836px) 100vw, 836px\" \/>\t\t\t\t\t\t\t\t\t\t\t<figcaption class=\"widget-image-caption wp-caption-text\">De Havilland DHC-1 Chipmunk<\/figcaption>\n\t\t\t\t\t\t\t\t\t\t<\/figure>\n\t\t\t\t\t\t\t\t\t<\/div>\n\t\t\t\t<\/div>\n\t\t\t\t\t<\/div>\n\t\t<\/div>\n\t\t\t\t<div class=\"elementor-column elementor-col-33 elementor-top-column elementor-element elementor-element-3588d67\" data-id=\"3588d67\" data-element_type=\"column\" data-e-type=\"column\">\n\t\t\t<div class=\"elementor-widget-wrap elementor-element-populated\">\n\t\t\t\t\t\t<div class=\"elementor-element elementor-element-c319691 elementor-widget elementor-widget-image\" data-id=\"c319691\" data-element_type=\"widget\" data-e-type=\"widget\" data-widget_type=\"image.default\">\n\t\t\t\t<div class=\"elementor-widget-container\">\n\t\t\t\t\t\t\t\t\t\t\t\t<figure class=\"wp-caption\">\n\t\t\t\t\t\t\t\t\t\t<img loading=\"lazy\" decoding=\"async\" width=\"836\" height=\"558\" src=\"https:\/\/www.aerodrome-paray.fr\/blog\/wp-content\/uploads\/AMPA-35-1024x683.jpeg\" class=\"attachment-large size-large wp-image-7626\" alt=\"\" srcset=\"https:\/\/www.aerodrome-paray.fr\/blog\/wp-content\/uploads\/AMPA-35-1024x683.jpeg 1024w, https:\/\/www.aerodrome-paray.fr\/blog\/wp-content\/uploads\/AMPA-35-300x200.jpeg 300w, https:\/\/www.aerodrome-paray.fr\/blog\/wp-content\/uploads\/AMPA-35-768x512.jpeg 768w, https:\/\/www.aerodrome-paray.fr\/blog\/wp-content\/uploads\/AMPA-35-836x558.jpeg 836w, https:\/\/www.aerodrome-paray.fr\/blog\/wp-content\/uploads\/AMPA-35.jpeg 1280w\" sizes=\"(max-width: 836px) 100vw, 836px\" \/>\t\t\t\t\t\t\t\t\t\t\t<figcaption class=\"widget-image-caption wp-caption-text\">Piper PA-28 Cherokee<\/figcaption>\n\t\t\t\t\t\t\t\t\t\t<\/figure>\n\t\t\t\t\t\t\t\t\t<\/div>\n\t\t\t\t<\/div>\n\t\t\t\t\t<\/div>\n\t\t<\/div>\n\t\t\t\t<div class=\"elementor-column elementor-col-33 elementor-top-column elementor-element elementor-element-4f6d829\" data-id=\"4f6d829\" data-element_type=\"column\" data-e-type=\"column\">\n\t\t\t<div class=\"elementor-widget-wrap elementor-element-populated\">\n\t\t\t\t\t\t<div class=\"elementor-element elementor-element-4648758 elementor-widget elementor-widget-image\" data-id=\"4648758\" data-element_type=\"widget\" data-e-type=\"widget\" data-widget_type=\"image.default\">\n\t\t\t\t<div class=\"elementor-widget-container\">\n\t\t\t\t\t\t\t\t\t\t\t\t<figure class=\"wp-caption\">\n\t\t\t\t\t\t\t\t\t\t<img loading=\"lazy\" decoding=\"async\" width=\"836\" height=\"558\" src=\"https:\/\/www.aerodrome-paray.fr\/blog\/wp-content\/uploads\/AMPA-67-1024x683.jpeg\" class=\"attachment-large size-large wp-image-7589\" alt=\"\" srcset=\"https:\/\/www.aerodrome-paray.fr\/blog\/wp-content\/uploads\/AMPA-67-1024x683.jpeg 1024w, https:\/\/www.aerodrome-paray.fr\/blog\/wp-content\/uploads\/AMPA-67-300x200.jpeg 300w, https:\/\/www.aerodrome-paray.fr\/blog\/wp-content\/uploads\/AMPA-67-768x512.jpeg 768w, https:\/\/www.aerodrome-paray.fr\/blog\/wp-content\/uploads\/AMPA-67-836x558.jpeg 836w, https:\/\/www.aerodrome-paray.fr\/blog\/wp-content\/uploads\/AMPA-67.jpeg 1280w\" sizes=\"(max-width: 836px) 100vw, 836px\" \/>\t\t\t\t\t\t\t\t\t\t\t<figcaption class=\"widget-image-caption wp-caption-text\">Piper L-4 de 1944<\/figcaption>\n\t\t\t\t\t\t\t\t\t\t<\/figure>\n\t\t\t\t\t\t\t\t\t<\/div>\n\t\t\t\t<\/div>\n\t\t\t\t\t<\/div>\n\t\t<\/div>\n\t\t\t\t\t<\/div>\n\t\t<\/section>\n\t\t\t\t<section class=\"elementor-section elementor-top-section elementor-element elementor-element-0bc680f elementor-section-boxed elementor-section-height-default elementor-section-height-default\" data-id=\"0bc680f\" data-element_type=\"section\" data-e-type=\"section\">\n\t\t\t\t\t\t<div class=\"elementor-container elementor-column-gap-default\">\n\t\t\t\t\t<div class=\"elementor-column elementor-col-100 elementor-top-column elementor-element elementor-element-117305a\" data-id=\"117305a\" data-element_type=\"column\" data-e-type=\"column\">\n\t\t\t<div class=\"elementor-widget-wrap elementor-element-populated\">\n\t\t\t\t\t\t<div class=\"elementor-element elementor-element-d1e4027 elementor-widget elementor-widget-text-editor\" data-id=\"d1e4027\" data-element_type=\"widget\" data-e-type=\"widget\" data-widget_type=\"text-editor.default\">\n\t\t\t\t<div class=\"elementor-widget-container\">\n\t\t\t\t\t\t\t\t\t<p>Une m\u00e9t\u00e9o tr\u00e8s chaude au d\u00e9but&#8230; Progressivement, la fin de la p\u00e9riode de canicule apporta des conditions plus favorables ce qui permit de r\u00e9aliser le programme pr\u00e9vu. Occasion d&rsquo;assister aux d\u00e9parts et arriv\u00e9es de ces belles machines. Occasion de rencontres, d&rsquo;\u00e9change et de convivialit\u00e9 dans une ambiance d\u00e9contract\u00e9e et joyeuse.<br \/>Parmi les temps forts : une soir\u00e9e partag\u00e9e autour de la cuisine charolaise, le samedi soir, pour cl\u00f4turer cette belle rencontre.<\/p><p style=\"text-align: center;\"><strong><span style=\"color: #800080; font-size: 14pt;\">Rendez-vous pris pour l&rsquo;\u00e9t\u00e9 2026.<\/span><\/strong><\/p>\t\t\t\t\t\t\t\t<\/div>\n\t\t\t\t<\/div>\n\t\t\t\t\t<\/div>\n\t\t<\/div>\n\t\t\t\t\t<\/div>\n\t\t<\/section>\n\t\t\t\t<section class=\"elementor-section elementor-top-section elementor-element elementor-element-9060a86 elementor-section-boxed elementor-section-height-default elementor-section-height-default\" data-id=\"9060a86\" data-element_type=\"section\" data-e-type=\"section\" data-settings=\"{&quot;background_background&quot;:&quot;classic&quot;}\">\n\t\t\t\t\t\t\t<div class=\"elementor-background-overlay\"><\/div>\n\t\t\t\t\t\t\t<div class=\"elementor-container elementor-column-gap-default\">\n\t\t\t\t\t<div class=\"elementor-column elementor-col-50 elementor-top-column elementor-element elementor-element-cbed380\" data-id=\"cbed380\" data-element_type=\"column\" data-e-type=\"column\">\n\t\t\t<div class=\"elementor-widget-wrap elementor-element-populated\">\n\t\t\t\t\t\t<div class=\"elementor-element elementor-element-f2a81ce elementor-widget elementor-widget-text-editor\" data-id=\"f2a81ce\" data-element_type=\"widget\" data-e-type=\"widget\" data-widget_type=\"text-editor.default\">\n\t\t\t\t<div class=\"elementor-widget-container\">\n\t\t\t\t\t\t\t\t\t<p><strong><span style=\"color: #ff0000;\">Retrouvez l&rsquo;AMPA sur les r\u00e9seaux<\/span><\/strong><br \/><strong><span style=\"color: #ff0000;\">\u00a0<span style=\"font-family: var( --e-global-typography-text-font-family ), Sans-serif;\">ou le site : http:\/\/ampa.ch<\/span><\/span><\/strong><\/p>\t\t\t\t\t\t\t\t<\/div>\n\t\t\t\t<\/div>\n\t\t\t\t\t<\/div>\n\t\t<\/div>\n\t\t\t\t<div class=\"elementor-column elementor-col-50 elementor-top-column elementor-element elementor-element-31b6429\" data-id=\"31b6429\" data-element_type=\"column\" data-e-type=\"column\">\n\t\t\t<div class=\"elementor-widget-wrap elementor-element-populated\">\n\t\t\t\t\t\t<div class=\"elementor-element elementor-element-fe2eb15 elementor-widget elementor-widget-text-editor\" data-id=\"fe2eb15\" data-element_type=\"widget\" data-e-type=\"widget\" data-widget_type=\"text-editor.default\">\n\t\t\t\t<div class=\"elementor-widget-container\">\n\t\t\t\t\t\t\t\t\t<p><span style=\"color: #ff0000;\"><strong>Galerie photos<br \/>du Camp de juillet 2025<\/strong><\/span><\/p>\t\t\t\t\t\t\t\t<\/div>\n\t\t\t\t<\/div>\n\t\t\t\t<div class=\"elementor-element elementor-element-2726f35 elementor-align-center elementor-widget elementor-widget-button\" data-id=\"2726f35\" data-element_type=\"widget\" data-e-type=\"widget\" data-widget_type=\"button.default\">\n\t\t\t\t<div class=\"elementor-widget-container\">\n\t\t\t\t\t\t\t\t\t<div class=\"elementor-button-wrapper\">\n\t\t\t\t\t<a class=\"elementor-button elementor-button-link elementor-size-sm\" href=\"https:\/\/www.aerodrome-paray.fr\/blog\/summer-camp-de-lampa-du-02-au-06-juillet-2025\/\" id=\"Galerie photos\">\n\t\t\t\t\t\t<span class=\"elementor-button-content-wrapper\">\n\t\t\t\t\t\t\t\t\t<span class=\"elementor-button-text\">Cliquez ici<\/span>\n\t\t\t\t\t<\/span>\n\t\t\t\t\t<\/a>\n\t\t\t\t<\/div>\n\t\t\t\t\t\t\t\t<\/div>\n\t\t\t\t<\/div>\n\t\t\t\t\t<\/div>\n\t\t<\/div>\n\t\t\t\t\t<\/div>\n\t\t<\/section>\n\t\t\t\t<\/div>\n\t\t","protected":false},"excerpt":{"rendered":"<p>Du 02 au 06 juillet : Nous avons accueilli le Camp d&rsquo;\u00c9t\u00e9 (Summer Camp) de l&rsquo;AMPA (Association pour le Maintien du Patrimoine A\u00e9ronautique). Depuis plus de 30 ans, l\u00a0\u00bbAMPA restaure, sauvegarde, fait voler et pr\u00e9sente au public des avions anciens, t\u00e9moins d&rsquo;une autre \u00e9poque, des appareils amoureusement entretenus et pr\u00e9serv\u00e9s.Cette association suisse regroupe environ 500 &hellip; <\/p>\n<p><a class=\"more-link btn\" href=\"https:\/\/www.aerodrome-paray.fr\/blog\/du-02-au-06-juillet-2025-laerodrome-aux-couleurs-de-la-suisse\/\">Lire la suite<\/a><\/p>\n","protected":false},"author":2,"featured_media":7654,"comment_status":"closed","ping_status":"closed","sticky":false,"template":"","format":"standard","meta":{"_monsterinsights_skip_tracking":false,"_monsterinsights_sitenote_active":false,"_monsterinsights_sitenote_note":"","_monsterinsights_sitenote_category":0,"footnotes":""},"categories":[1],"tags":[],"class_list":["post-7660","post","type-post","status-publish","format-standard","has-post-thumbnail","hentry","category-non-classe","item-wrap"],"yoast_head":"<!-- This site is optimized with the Yoast SEO plugin v27.5 - https:\/\/yoast.com\/product\/yoast-seo-wordpress\/ -->\n<title>Du 02 au 06 juillet 2025 : l&#039;a\u00e9rodrome aux couleurs de la Suisse - Aeroclub Charolais<\/title>\n<meta name=\"robots\" content=\"index, follow, max-snippet:-1, max-image-preview:large, max-video-preview:-1\" \/>\n<link rel=\"canonical\" href=\"https:\/\/www.aerodrome-paray.fr\/blog\/du-02-au-06-juillet-2025-laerodrome-aux-couleurs-de-la-suisse\/\" \/>\n<meta property=\"og:locale\" content=\"fr_FR\" \/>\n<meta property=\"og:type\" content=\"article\" \/>\n<meta property=\"og:title\" content=\"Du 02 au 06 juillet 2025 : l&#039;a\u00e9rodrome aux couleurs de la Suisse - Aeroclub Charolais\" \/>\n<meta property=\"og:description\" content=\"Du 02 au 06 juillet : Nous avons accueilli le Camp d&rsquo;\u00c9t\u00e9 (Summer Camp) de l&rsquo;AMPA (Association pour le Maintien du Patrimoine A\u00e9ronautique). Depuis plus de 30 ans, l\u00a0\u00bbAMPA restaure, sauvegarde, fait voler et pr\u00e9sente au public des avions anciens, t\u00e9moins d&rsquo;une autre \u00e9poque, des appareils amoureusement entretenus et pr\u00e9serv\u00e9s.Cette association suisse regroupe environ 500 &hellip; Lire la suite\" \/>\n<meta property=\"og:url\" content=\"https:\/\/www.aerodrome-paray.fr\/blog\/du-02-au-06-juillet-2025-laerodrome-aux-couleurs-de-la-suisse\/\" \/>\n<meta property=\"og:site_name\" content=\"Aeroclub Charolais\" \/>\n<meta property=\"article:published_time\" content=\"2025-07-06T17:24:53+00:00\" \/>\n<meta property=\"article:modified_time\" content=\"2025-07-06T17:37:34+00:00\" \/>\n<meta property=\"og:image\" content=\"https:\/\/www.aerodrome-paray.fr\/blog\/wp-content\/uploads\/AMPA-1.jpeg\" \/>\n\t<meta property=\"og:image:width\" content=\"1280\" \/>\n\t<meta property=\"og:image:height\" content=\"854\" \/>\n\t<meta property=\"og:image:type\" content=\"image\/jpeg\" \/>\n<meta name=\"author\" content=\"Jean Pierre Martinroche\" \/>\n<meta name=\"twitter:card\" content=\"summary_large_image\" \/>\n<meta name=\"twitter:label1\" content=\"\u00c9crit par\" \/>\n\t<meta name=\"twitter:data1\" content=\"Jean Pierre Martinroche\" \/>\n\t<meta name=\"twitter:label2\" content=\"Dur\u00e9e de lecture estim\u00e9e\" \/>\n\t<meta name=\"twitter:data2\" content=\"4 minutes\" \/>\n<script type=\"application\/ld+json\" class=\"yoast-schema-graph\">{\"@context\":\"https:\\\/\\\/schema.org\",\"@graph\":[{\"@type\":\"Article\",\"@id\":\"https:\\\/\\\/www.aerodrome-paray.fr\\\/blog\\\/du-02-au-06-juillet-2025-laerodrome-aux-couleurs-de-la-suisse\\\/#article\",\"isPartOf\":{\"@id\":\"https:\\\/\\\/www.aerodrome-paray.fr\\\/blog\\\/du-02-au-06-juillet-2025-laerodrome-aux-couleurs-de-la-suisse\\\/\"},\"author\":{\"name\":\"Jean Pierre Martinroche\",\"@id\":\"https:\\\/\\\/www.aerodrome-paray.fr\\\/blog\\\/#\\\/schema\\\/person\\\/cefd0c4678c1b9411b95df22582abed7\"},\"headline\":\"Du 02 au 06 juillet 2025 : l&rsquo;a\u00e9rodrome aux couleurs de la Suisse\",\"datePublished\":\"2025-07-06T17:24:53+00:00\",\"dateModified\":\"2025-07-06T17:37:34+00:00\",\"mainEntityOfPage\":{\"@id\":\"https:\\\/\\\/www.aerodrome-paray.fr\\\/blog\\\/du-02-au-06-juillet-2025-laerodrome-aux-couleurs-de-la-suisse\\\/\"},\"wordCount\":326,\"image\":{\"@id\":\"https:\\\/\\\/www.aerodrome-paray.fr\\\/blog\\\/du-02-au-06-juillet-2025-laerodrome-aux-couleurs-de-la-suisse\\\/#primaryimage\"},\"thumbnailUrl\":\"https:\\\/\\\/www.aerodrome-paray.fr\\\/blog\\\/wp-content\\\/uploads\\\/AMPA-1.jpeg\",\"inLanguage\":\"fr-FR\"},{\"@type\":\"WebPage\",\"@id\":\"https:\\\/\\\/www.aerodrome-paray.fr\\\/blog\\\/du-02-au-06-juillet-2025-laerodrome-aux-couleurs-de-la-suisse\\\/\",\"url\":\"https:\\\/\\\/www.aerodrome-paray.fr\\\/blog\\\/du-02-au-06-juillet-2025-laerodrome-aux-couleurs-de-la-suisse\\\/\",\"name\":\"Du 02 au 06 juillet 2025 : l'a\u00e9rodrome aux couleurs de la Suisse - Aeroclub Charolais\",\"isPartOf\":{\"@id\":\"https:\\\/\\\/www.aerodrome-paray.fr\\\/blog\\\/#website\"},\"primaryImageOfPage\":{\"@id\":\"https:\\\/\\\/www.aerodrome-paray.fr\\\/blog\\\/du-02-au-06-juillet-2025-laerodrome-aux-couleurs-de-la-suisse\\\/#primaryimage\"},\"image\":{\"@id\":\"https:\\\/\\\/www.aerodrome-paray.fr\\\/blog\\\/du-02-au-06-juillet-2025-laerodrome-aux-couleurs-de-la-suisse\\\/#primaryimage\"},\"thumbnailUrl\":\"https:\\\/\\\/www.aerodrome-paray.fr\\\/blog\\\/wp-content\\\/uploads\\\/AMPA-1.jpeg\",\"datePublished\":\"2025-07-06T17:24:53+00:00\",\"dateModified\":\"2025-07-06T17:37:34+00:00\",\"author\":{\"@id\":\"https:\\\/\\\/www.aerodrome-paray.fr\\\/blog\\\/#\\\/schema\\\/person\\\/cefd0c4678c1b9411b95df22582abed7\"},\"breadcrumb\":{\"@id\":\"https:\\\/\\\/www.aerodrome-paray.fr\\\/blog\\\/du-02-au-06-juillet-2025-laerodrome-aux-couleurs-de-la-suisse\\\/#breadcrumb\"},\"inLanguage\":\"fr-FR\",\"potentialAction\":[{\"@type\":\"ReadAction\",\"target\":[\"https:\\\/\\\/www.aerodrome-paray.fr\\\/blog\\\/du-02-au-06-juillet-2025-laerodrome-aux-couleurs-de-la-suisse\\\/\"]}]},{\"@type\":\"ImageObject\",\"inLanguage\":\"fr-FR\",\"@id\":\"https:\\\/\\\/www.aerodrome-paray.fr\\\/blog\\\/du-02-au-06-juillet-2025-laerodrome-aux-couleurs-de-la-suisse\\\/#primaryimage\",\"url\":\"https:\\\/\\\/www.aerodrome-paray.fr\\\/blog\\\/wp-content\\\/uploads\\\/AMPA-1.jpeg\",\"contentUrl\":\"https:\\\/\\\/www.aerodrome-paray.fr\\\/blog\\\/wp-content\\\/uploads\\\/AMPA-1.jpeg\",\"width\":1280,\"height\":854,\"caption\":\"Du 02 au 06 juillet 2025 : L'a\u00e9rodrome de Paray-le-Monial aux couleurs de la Suisse\"},{\"@type\":\"BreadcrumbList\",\"@id\":\"https:\\\/\\\/www.aerodrome-paray.fr\\\/blog\\\/du-02-au-06-juillet-2025-laerodrome-aux-couleurs-de-la-suisse\\\/#breadcrumb\",\"itemListElement\":[{\"@type\":\"ListItem\",\"position\":1,\"name\":\"Accueil\",\"item\":\"https:\\\/\\\/www.aerodrome-paray.fr\\\/blog\\\/\"},{\"@type\":\"ListItem\",\"position\":2,\"name\":\"Du 02 au 06 juillet 2025 : l&rsquo;a\u00e9rodrome aux couleurs de la Suisse\"}]},{\"@type\":\"WebSite\",\"@id\":\"https:\\\/\\\/www.aerodrome-paray.fr\\\/blog\\\/#website\",\"url\":\"https:\\\/\\\/www.aerodrome-paray.fr\\\/blog\\\/\",\"name\":\"Aeroclub Charolais\",\"description\":\"\",\"potentialAction\":[{\"@type\":\"SearchAction\",\"target\":{\"@type\":\"EntryPoint\",\"urlTemplate\":\"https:\\\/\\\/www.aerodrome-paray.fr\\\/blog\\\/?s={search_term_string}\"},\"query-input\":{\"@type\":\"PropertyValueSpecification\",\"valueRequired\":true,\"valueName\":\"search_term_string\"}}],\"inLanguage\":\"fr-FR\"},{\"@type\":\"Person\",\"@id\":\"https:\\\/\\\/www.aerodrome-paray.fr\\\/blog\\\/#\\\/schema\\\/person\\\/cefd0c4678c1b9411b95df22582abed7\",\"name\":\"Jean Pierre Martinroche\",\"image\":{\"@type\":\"ImageObject\",\"inLanguage\":\"fr-FR\",\"@id\":\"https:\\\/\\\/secure.gravatar.com\\\/avatar\\\/302da577d2e3565f43c729b1d87b2eb6c1910a0c9d0e4923cd7dc880c1de7c7b?s=96&d=mm&r=g\",\"url\":\"https:\\\/\\\/secure.gravatar.com\\\/avatar\\\/302da577d2e3565f43c729b1d87b2eb6c1910a0c9d0e4923cd7dc880c1de7c7b?s=96&d=mm&r=g\",\"contentUrl\":\"https:\\\/\\\/secure.gravatar.com\\\/avatar\\\/302da577d2e3565f43c729b1d87b2eb6c1910a0c9d0e4923cd7dc880c1de7c7b?s=96&d=mm&r=g\",\"caption\":\"Jean Pierre Martinroche\"},\"url\":\"https:\\\/\\\/www.aerodrome-paray.fr\\\/blog\\\/author\\\/jpmartinroche\\\/\"}]}<\/script>\n<!-- \/ Yoast SEO plugin. -->","yoast_head_json":{"title":"Du 02 au 06 juillet 2025 : l'a\u00e9rodrome aux couleurs de la Suisse - Aeroclub Charolais","robots":{"index":"index","follow":"follow","max-snippet":"max-snippet:-1","max-image-preview":"max-image-preview:large","max-video-preview":"max-video-preview:-1"},"canonical":"https:\/\/www.aerodrome-paray.fr\/blog\/du-02-au-06-juillet-2025-laerodrome-aux-couleurs-de-la-suisse\/","og_locale":"fr_FR","og_type":"article","og_title":"Du 02 au 06 juillet 2025 : l'a\u00e9rodrome aux couleurs de la Suisse - Aeroclub Charolais","og_description":"Du 02 au 06 juillet : Nous avons accueilli le Camp d&rsquo;\u00c9t\u00e9 (Summer Camp) de l&rsquo;AMPA (Association pour le Maintien du Patrimoine A\u00e9ronautique). Depuis plus de 30 ans, l\u00a0\u00bbAMPA restaure, sauvegarde, fait voler et pr\u00e9sente au public des avions anciens, t\u00e9moins d&rsquo;une autre \u00e9poque, des appareils amoureusement entretenus et pr\u00e9serv\u00e9s.Cette association suisse regroupe environ 500 &hellip; Lire la suite","og_url":"https:\/\/www.aerodrome-paray.fr\/blog\/du-02-au-06-juillet-2025-laerodrome-aux-couleurs-de-la-suisse\/","og_site_name":"Aeroclub Charolais","article_published_time":"2025-07-06T17:24:53+00:00","article_modified_time":"2025-07-06T17:37:34+00:00","og_image":[{"width":1280,"height":854,"url":"https:\/\/www.aerodrome-paray.fr\/blog\/wp-content\/uploads\/AMPA-1.jpeg","type":"image\/jpeg"}],"author":"Jean Pierre Martinroche","twitter_card":"summary_large_image","twitter_misc":{"\u00c9crit par":"Jean Pierre Martinroche","Dur\u00e9e de lecture estim\u00e9e":"4 minutes"},"schema":{"@context":"https:\/\/schema.org","@graph":[{"@type":"Article","@id":"https:\/\/www.aerodrome-paray.fr\/blog\/du-02-au-06-juillet-2025-laerodrome-aux-couleurs-de-la-suisse\/#article","isPartOf":{"@id":"https:\/\/www.aerodrome-paray.fr\/blog\/du-02-au-06-juillet-2025-laerodrome-aux-couleurs-de-la-suisse\/"},"author":{"name":"Jean Pierre Martinroche","@id":"https:\/\/www.aerodrome-paray.fr\/blog\/#\/schema\/person\/cefd0c4678c1b9411b95df22582abed7"},"headline":"Du 02 au 06 juillet 2025 : l&rsquo;a\u00e9rodrome aux couleurs de la Suisse","datePublished":"2025-07-06T17:24:53+00:00","dateModified":"2025-07-06T17:37:34+00:00","mainEntityOfPage":{"@id":"https:\/\/www.aerodrome-paray.fr\/blog\/du-02-au-06-juillet-2025-laerodrome-aux-couleurs-de-la-suisse\/"},"wordCount":326,"image":{"@id":"https:\/\/www.aerodrome-paray.fr\/blog\/du-02-au-06-juillet-2025-laerodrome-aux-couleurs-de-la-suisse\/#primaryimage"},"thumbnailUrl":"https:\/\/www.aerodrome-paray.fr\/blog\/wp-content\/uploads\/AMPA-1.jpeg","inLanguage":"fr-FR"},{"@type":"WebPage","@id":"https:\/\/www.aerodrome-paray.fr\/blog\/du-02-au-06-juillet-2025-laerodrome-aux-couleurs-de-la-suisse\/","url":"https:\/\/www.aerodrome-paray.fr\/blog\/du-02-au-06-juillet-2025-laerodrome-aux-couleurs-de-la-suisse\/","name":"Du 02 au 06 juillet 2025 : l'a\u00e9rodrome aux couleurs de la Suisse - Aeroclub Charolais","isPartOf":{"@id":"https:\/\/www.aerodrome-paray.fr\/blog\/#website"},"primaryImageOfPage":{"@id":"https:\/\/www.aerodrome-paray.fr\/blog\/du-02-au-06-juillet-2025-laerodrome-aux-couleurs-de-la-suisse\/#primaryimage"},"image":{"@id":"https:\/\/www.aerodrome-paray.fr\/blog\/du-02-au-06-juillet-2025-laerodrome-aux-couleurs-de-la-suisse\/#primaryimage"},"thumbnailUrl":"https:\/\/www.aerodrome-paray.fr\/blog\/wp-content\/uploads\/AMPA-1.jpeg","datePublished":"2025-07-06T17:24:53+00:00","dateModified":"2025-07-06T17:37:34+00:00","author":{"@id":"https:\/\/www.aerodrome-paray.fr\/blog\/#\/schema\/person\/cefd0c4678c1b9411b95df22582abed7"},"breadcrumb":{"@id":"https:\/\/www.aerodrome-paray.fr\/blog\/du-02-au-06-juillet-2025-laerodrome-aux-couleurs-de-la-suisse\/#breadcrumb"},"inLanguage":"fr-FR","potentialAction":[{"@type":"ReadAction","target":["https:\/\/www.aerodrome-paray.fr\/blog\/du-02-au-06-juillet-2025-laerodrome-aux-couleurs-de-la-suisse\/"]}]},{"@type":"ImageObject","inLanguage":"fr-FR","@id":"https:\/\/www.aerodrome-paray.fr\/blog\/du-02-au-06-juillet-2025-laerodrome-aux-couleurs-de-la-suisse\/#primaryimage","url":"https:\/\/www.aerodrome-paray.fr\/blog\/wp-content\/uploads\/AMPA-1.jpeg","contentUrl":"https:\/\/www.aerodrome-paray.fr\/blog\/wp-content\/uploads\/AMPA-1.jpeg","width":1280,"height":854,"caption":"Du 02 au 06 juillet 2025 : L'a\u00e9rodrome de Paray-le-Monial aux couleurs de la Suisse"},{"@type":"BreadcrumbList","@id":"https:\/\/www.aerodrome-paray.fr\/blog\/du-02-au-06-juillet-2025-laerodrome-aux-couleurs-de-la-suisse\/#breadcrumb","itemListElement":[{"@type":"ListItem","position":1,"name":"Accueil","item":"https:\/\/www.aerodrome-paray.fr\/blog\/"},{"@type":"ListItem","position":2,"name":"Du 02 au 06 juillet 2025 : l&rsquo;a\u00e9rodrome aux couleurs de la Suisse"}]},{"@type":"WebSite","@id":"https:\/\/www.aerodrome-paray.fr\/blog\/#website","url":"https:\/\/www.aerodrome-paray.fr\/blog\/","name":"Aeroclub Charolais","description":"","potentialAction":[{"@type":"SearchAction","target":{"@type":"EntryPoint","urlTemplate":"https:\/\/www.aerodrome-paray.fr\/blog\/?s={search_term_string}"},"query-input":{"@type":"PropertyValueSpecification","valueRequired":true,"valueName":"search_term_string"}}],"inLanguage":"fr-FR"},{"@type":"Person","@id":"https:\/\/www.aerodrome-paray.fr\/blog\/#\/schema\/person\/cefd0c4678c1b9411b95df22582abed7","name":"Jean Pierre Martinroche","image":{"@type":"ImageObject","inLanguage":"fr-FR","@id":"https:\/\/secure.gravatar.com\/avatar\/302da577d2e3565f43c729b1d87b2eb6c1910a0c9d0e4923cd7dc880c1de7c7b?s=96&d=mm&r=g","url":"https:\/\/secure.gravatar.com\/avatar\/302da577d2e3565f43c729b1d87b2eb6c1910a0c9d0e4923cd7dc880c1de7c7b?s=96&d=mm&r=g","contentUrl":"https:\/\/secure.gravatar.com\/avatar\/302da577d2e3565f43c729b1d87b2eb6c1910a0c9d0e4923cd7dc880c1de7c7b?s=96&d=mm&r=g","caption":"Jean Pierre Martinroche"},"url":"https:\/\/www.aerodrome-paray.fr\/blog\/author\/jpmartinroche\/"}]}},"_links":{"self":[{"href":"https:\/\/www.aerodrome-paray.fr\/blog\/wp-json\/wp\/v2\/posts\/7660","targetHints":{"allow":["GET"]}}],"collection":[{"href":"https:\/\/www.aerodrome-paray.fr\/blog\/wp-json\/wp\/v2\/posts"}],"about":[{"href":"https:\/\/www.aerodrome-paray.fr\/blog\/wp-json\/wp\/v2\/types\/post"}],"author":[{"embeddable":true,"href":"https:\/\/www.aerodrome-paray.fr\/blog\/wp-json\/wp\/v2\/users\/2"}],"replies":[{"embeddable":true,"href":"https:\/\/www.aerodrome-paray.fr\/blog\/wp-json\/wp\/v2\/comments?post=7660"}],"version-history":[{"count":5,"href":"https:\/\/www.aerodrome-paray.fr\/blog\/wp-json\/wp\/v2\/posts\/7660\/revisions"}],"predecessor-version":[{"id":7676,"href":"https:\/\/www.aerodrome-paray.fr\/blog\/wp-json\/wp\/v2\/posts\/7660\/revisions\/7676"}],"wp:featuredmedia":[{"embeddable":true,"href":"https:\/\/www.aerodrome-paray.fr\/blog\/wp-json\/wp\/v2\/media\/7654"}],"wp:attachment":[{"href":"https:\/\/www.aerodrome-paray.fr\/blog\/wp-json\/wp\/v2\/media?parent=7660"}],"wp:term":[{"taxonomy":"category","embeddable":true,"href":"https:\/\/www.aerodrome-paray.fr\/blog\/wp-json\/wp\/v2\/categories?post=7660"},{"taxonomy":"post_tag","embeddable":true,"href":"https:\/\/www.aerodrome-paray.fr\/blog\/wp-json\/wp\/v2\/tags?post=7660"}],"curies":[{"name":"wp","href":"https:\/\/api.w.org\/{rel}","templated":true}]}}