{"id":8233,"date":"2026-08-31T06:58:49","date_gmt":"2026-08-31T04:58:49","guid":{"rendered":"https:\/\/www.aerodrome-paray.fr\/blog\/?p=8233"},"modified":"2026-09-01T17:52:44","modified_gmt":"2026-09-01T15:52:44","slug":"ampa-camp-dete-a-paray-le-monial","status":"publish","type":"post","link":"https:\/\/www.aerodrome-paray.fr\/blog\/ampa-camp-dete-a-paray-le-monial\/","title":{"rendered":"AMPA : Camp d&rsquo;\u00e9t\u00e9 \u00e0 Paray-le-Monial"},"content":{"rendered":"\t\t<div data-elementor-type=\"wp-post\" data-elementor-id=\"8233\" class=\"elementor elementor-8233\" data-elementor-post-type=\"post\">\n\t\t\t\t\t\t<section class=\"elementor-section elementor-top-section elementor-element elementor-element-9571e70 elementor-section-boxed elementor-section-height-default elementor-section-height-default\" data-id=\"9571e70\" data-element_type=\"section\" data-e-type=\"section\" data-settings=\"{&quot;background_background&quot;:&quot;classic&quot;}\">\n\t\t\t\t\t\t<div class=\"elementor-container elementor-column-gap-default\">\n\t\t\t\t\t<div class=\"elementor-column elementor-col-50 elementor-top-column elementor-element elementor-element-8898945\" data-id=\"8898945\" data-element_type=\"column\" data-e-type=\"column\">\n\t\t\t<div class=\"elementor-widget-wrap elementor-element-populated\">\n\t\t\t\t\t\t<div class=\"elementor-element elementor-element-8b4aed8 elementor-widget elementor-widget-image\" data-id=\"8b4aed8\" data-element_type=\"widget\" data-e-type=\"widget\" data-widget_type=\"image.default\">\n\t\t\t\t<div class=\"elementor-widget-container\">\n\t\t\t\t\t\t\t\t\t\t\t\t\t\t\t<img fetchpriority=\"high\" decoding=\"async\" width=\"836\" height=\"470\" src=\"https:\/\/www.aerodrome-paray.fr\/blog\/wp-content\/uploads\/A-AMPA-0-1024x576.jpg\" class=\"attachment-large size-large wp-image-8222\" alt=\"\" srcset=\"https:\/\/www.aerodrome-paray.fr\/blog\/wp-content\/uploads\/A-AMPA-0-1024x576.jpg 1024w, https:\/\/www.aerodrome-paray.fr\/blog\/wp-content\/uploads\/A-AMPA-0-300x169.jpg 300w, https:\/\/www.aerodrome-paray.fr\/blog\/wp-content\/uploads\/A-AMPA-0-768x432.jpg 768w, https:\/\/www.aerodrome-paray.fr\/blog\/wp-content\/uploads\/A-AMPA-0-1536x864.jpg 1536w, https:\/\/www.aerodrome-paray.fr\/blog\/wp-content\/uploads\/A-AMPA-0-836x470.jpg 836w, https:\/\/www.aerodrome-paray.fr\/blog\/wp-content\/uploads\/A-AMPA-0.jpg 2048w\" sizes=\"(max-width: 836px) 100vw, 836px\" \/>\t\t\t\t\t\t\t\t\t\t\t\t\t\t\t<\/div>\n\t\t\t\t<\/div>\n\t\t\t\t\t<\/div>\n\t\t<\/div>\n\t\t\t\t<div class=\"elementor-column elementor-col-50 elementor-top-column elementor-element elementor-element-a2db215\" data-id=\"a2db215\" data-element_type=\"column\" data-e-type=\"column\">\n\t\t\t<div class=\"elementor-widget-wrap elementor-element-populated\">\n\t\t\t\t\t\t<div class=\"elementor-element elementor-element-89aed3e elementor-widget elementor-widget-text-editor\" data-id=\"89aed3e\" data-element_type=\"widget\" data-e-type=\"widget\" data-widget_type=\"text-editor.default\">\n\t\t\t\t<div class=\"elementor-widget-container\">\n\t\t\t\t\t\t\t\t\t<p style=\"text-align: justify;\"><span style=\"color: #0000ff;\"><strong><span style=\"font-size: 10pt;\">Pour la deuxi\u00e8me ann\u00e9e cons\u00e9cutive, l&rsquo;a\u00e9rodrome s&rsquo;est retrouv\u00e9 aux couleurs de la Suisse avec le camp d&rsquo;\u00e9t\u00e9 de l&rsquo;AMPA (Association pour le Maintien du Patrimoine A\u00e9ronautique), association suisse qui oeuvre pour la sauvegarde d&rsquo;avions historiques entre autres.<\/span><\/strong><\/span><\/p>\t\t\t\t\t\t\t\t<\/div>\n\t\t\t\t<\/div>\n\t\t\t\t\t<\/div>\n\t\t<\/div>\n\t\t\t\t\t<\/div>\n\t\t<\/section>\n\t\t\t\t<section class=\"elementor-section elementor-top-section elementor-element elementor-element-caf4a81 elementor-section-boxed elementor-section-height-default elementor-section-height-default\" data-id=\"caf4a81\" data-element_type=\"section\" data-e-type=\"section\">\n\t\t\t\t\t\t<div class=\"elementor-container elementor-column-gap-default\">\n\t\t\t\t\t<div class=\"elementor-column elementor-col-100 elementor-top-column elementor-element elementor-element-ddf933d\" data-id=\"ddf933d\" data-element_type=\"column\" data-e-type=\"column\">\n\t\t\t<div class=\"elementor-widget-wrap elementor-element-populated\">\n\t\t\t\t\t\t<div class=\"elementor-element elementor-element-353b260 elementor-widget elementor-widget-text-editor\" data-id=\"353b260\" data-element_type=\"widget\" data-e-type=\"widget\" data-widget_type=\"text-editor.default\">\n\t\t\t\t<div class=\"elementor-widget-container\">\n\t\t\t\t\t\t\t\t\t<p style=\"text-align: justify;\"><span style=\"font-family: 'times new roman', times, serif; color: #000000;\">Du 8 au 12 juillet, en p\u00e9riode de canicule, une vingtaine d&rsquo;avions et une trentaine de personnes ont occup\u00e9 les lieux pour un programme dense alliant pratique a\u00e9ronautique, tourisme et convivialit\u00e9, une tr\u00e8s belle occasion pour voir des machines, superbement restaur\u00e9es et entretenues.<\/span><\/p>\t\t\t\t\t\t\t\t<\/div>\n\t\t\t\t<\/div>\n\t\t\t\t\t<\/div>\n\t\t<\/div>\n\t\t\t\t\t<\/div>\n\t\t<\/section>\n\t\t\t\t<section class=\"elementor-section elementor-top-section elementor-element elementor-element-325a067 elementor-section-boxed elementor-section-height-default elementor-section-height-default\" data-id=\"325a067\" data-element_type=\"section\" data-e-type=\"section\" data-settings=\"{&quot;background_background&quot;:&quot;classic&quot;}\">\n\t\t\t\t\t\t<div class=\"elementor-container elementor-column-gap-default\">\n\t\t\t\t\t<div class=\"elementor-column elementor-col-33 elementor-top-column elementor-element elementor-element-85afcdd\" data-id=\"85afcdd\" data-element_type=\"column\" data-e-type=\"column\">\n\t\t\t<div class=\"elementor-widget-wrap elementor-element-populated\">\n\t\t\t\t\t\t<div class=\"elementor-element elementor-element-abdb3ab elementor-widget elementor-widget-image\" data-id=\"abdb3ab\" data-element_type=\"widget\" data-e-type=\"widget\" data-widget_type=\"image.default\">\n\t\t\t\t<div class=\"elementor-widget-container\">\n\t\t\t\t\t\t\t\t\t\t\t\t\t\t\t<img decoding=\"async\" width=\"836\" height=\"558\" src=\"https:\/\/www.aerodrome-paray.fr\/blog\/wp-content\/uploads\/A-AMPA-1-1024x683.jpeg\" class=\"attachment-large size-large wp-image-8209\" alt=\"\" srcset=\"https:\/\/www.aerodrome-paray.fr\/blog\/wp-content\/uploads\/A-AMPA-1-1024x683.jpeg 1024w, https:\/\/www.aerodrome-paray.fr\/blog\/wp-content\/uploads\/A-AMPA-1-300x200.jpeg 300w, https:\/\/www.aerodrome-paray.fr\/blog\/wp-content\/uploads\/A-AMPA-1-768x512.jpeg 768w, https:\/\/www.aerodrome-paray.fr\/blog\/wp-content\/uploads\/A-AMPA-1-1536x1024.jpeg 1536w, https:\/\/www.aerodrome-paray.fr\/blog\/wp-content\/uploads\/A-AMPA-1-2048x1365.jpeg 2048w, https:\/\/www.aerodrome-paray.fr\/blog\/wp-content\/uploads\/A-AMPA-1-836x557.jpeg 836w\" sizes=\"(max-width: 836px) 100vw, 836px\" \/>\t\t\t\t\t\t\t\t\t\t\t\t\t\t\t<\/div>\n\t\t\t\t<\/div>\n\t\t\t\t\t<\/div>\n\t\t<\/div>\n\t\t\t\t<div class=\"elementor-column elementor-col-33 elementor-top-column elementor-element elementor-element-841b069\" data-id=\"841b069\" data-element_type=\"column\" data-e-type=\"column\">\n\t\t\t<div class=\"elementor-widget-wrap elementor-element-populated\">\n\t\t\t\t\t\t<div class=\"elementor-element elementor-element-dc2a6b5 elementor-widget elementor-widget-image\" data-id=\"dc2a6b5\" data-element_type=\"widget\" data-e-type=\"widget\" data-widget_type=\"image.default\">\n\t\t\t\t<div class=\"elementor-widget-container\">\n\t\t\t\t\t\t\t\t\t\t\t\t\t\t\t<img decoding=\"async\" width=\"836\" height=\"558\" src=\"https:\/\/www.aerodrome-paray.fr\/blog\/wp-content\/uploads\/A-AMPA-3-1024x683.jpeg\" class=\"attachment-large size-large wp-image-8207\" alt=\"\" srcset=\"https:\/\/www.aerodrome-paray.fr\/blog\/wp-content\/uploads\/A-AMPA-3-1024x683.jpeg 1024w, https:\/\/www.aerodrome-paray.fr\/blog\/wp-content\/uploads\/A-AMPA-3-300x200.jpeg 300w, https:\/\/www.aerodrome-paray.fr\/blog\/wp-content\/uploads\/A-AMPA-3-768x512.jpeg 768w, https:\/\/www.aerodrome-paray.fr\/blog\/wp-content\/uploads\/A-AMPA-3-1536x1024.jpeg 1536w, https:\/\/www.aerodrome-paray.fr\/blog\/wp-content\/uploads\/A-AMPA-3-2048x1365.jpeg 2048w, https:\/\/www.aerodrome-paray.fr\/blog\/wp-content\/uploads\/A-AMPA-3-836x557.jpeg 836w\" sizes=\"(max-width: 836px) 100vw, 836px\" \/>\t\t\t\t\t\t\t\t\t\t\t\t\t\t\t<\/div>\n\t\t\t\t<\/div>\n\t\t\t\t\t<\/div>\n\t\t<\/div>\n\t\t\t\t<div class=\"elementor-column elementor-col-33 elementor-top-column elementor-element elementor-element-b9029ab\" data-id=\"b9029ab\" data-element_type=\"column\" data-e-type=\"column\">\n\t\t\t<div class=\"elementor-widget-wrap elementor-element-populated\">\n\t\t\t\t\t\t<div class=\"elementor-element elementor-element-07adcda elementor-widget elementor-widget-image\" data-id=\"07adcda\" data-element_type=\"widget\" data-e-type=\"widget\" data-widget_type=\"image.default\">\n\t\t\t\t<div class=\"elementor-widget-container\">\n\t\t\t\t\t\t\t\t\t\t\t\t\t\t\t<img loading=\"lazy\" decoding=\"async\" width=\"836\" height=\"558\" src=\"https:\/\/www.aerodrome-paray.fr\/blog\/wp-content\/uploads\/A-AMPA-20-1024x683.jpeg\" class=\"attachment-large size-large wp-image-8197\" alt=\"\" srcset=\"https:\/\/www.aerodrome-paray.fr\/blog\/wp-content\/uploads\/A-AMPA-20-1024x683.jpeg 1024w, https:\/\/www.aerodrome-paray.fr\/blog\/wp-content\/uploads\/A-AMPA-20-300x200.jpeg 300w, https:\/\/www.aerodrome-paray.fr\/blog\/wp-content\/uploads\/A-AMPA-20-768x512.jpeg 768w, https:\/\/www.aerodrome-paray.fr\/blog\/wp-content\/uploads\/A-AMPA-20-1536x1024.jpeg 1536w, https:\/\/www.aerodrome-paray.fr\/blog\/wp-content\/uploads\/A-AMPA-20-2048x1365.jpeg 2048w, https:\/\/www.aerodrome-paray.fr\/blog\/wp-content\/uploads\/A-AMPA-20-836x557.jpeg 836w\" sizes=\"(max-width: 836px) 100vw, 836px\" \/>\t\t\t\t\t\t\t\t\t\t\t\t\t\t\t<\/div>\n\t\t\t\t<\/div>\n\t\t\t\t\t<\/div>\n\t\t<\/div>\n\t\t\t\t\t<\/div>\n\t\t<\/section>\n\t\t\t\t<section class=\"elementor-section elementor-top-section elementor-element elementor-element-5d935cc elementor-section-boxed elementor-section-height-default elementor-section-height-default\" data-id=\"5d935cc\" data-element_type=\"section\" data-e-type=\"section\">\n\t\t\t\t\t\t<div class=\"elementor-container elementor-column-gap-default\">\n\t\t\t\t\t<div class=\"elementor-column elementor-col-100 elementor-top-column elementor-element elementor-element-4d96bfe\" data-id=\"4d96bfe\" data-element_type=\"column\" data-e-type=\"column\">\n\t\t\t<div class=\"elementor-widget-wrap elementor-element-populated\">\n\t\t\t\t\t\t<div class=\"elementor-element elementor-element-a09b66e elementor-widget elementor-widget-text-editor\" data-id=\"a09b66e\" data-element_type=\"widget\" data-e-type=\"widget\" data-widget_type=\"text-editor.default\">\n\t\t\t\t<div class=\"elementor-widget-container\">\n\t\t\t\t\t\t\t\t\t<p style=\"text-align: justify;\"><span style=\"font-family: 'times new roman', times, serif; color: #000000;\">Au programme : entra\u00eenements divers, exercices de maniabilit\u00e9, vols en patrouille, d\u00e9couverte des a\u00e9rodromes voisins mais aussi \u00e9changes et convivialit\u00e9 avec les membres de l&rsquo;A\u00e9ro-Club Charolais, souvent pr\u00e9sents sur le terrain.<br \/>Un tr\u00e8s beau s\u00e9jour, malgr\u00e9 la chaleur intense&#8230; Un orage sans gravit\u00e9 en fin de stage et une belle soir\u00e9e franco-suisse pour terminer ce camp dont on gardera un excellent souvenir.<\/span><\/p>\t\t\t\t\t\t\t\t<\/div>\n\t\t\t\t<\/div>\n\t\t\t\t\t<\/div>\n\t\t<\/div>\n\t\t\t\t\t<\/div>\n\t\t<\/section>\n\t\t\t\t<section class=\"elementor-section elementor-top-section elementor-element elementor-element-311003d elementor-section-boxed elementor-section-height-default elementor-section-height-default\" data-id=\"311003d\" data-element_type=\"section\" data-e-type=\"section\" data-settings=\"{&quot;background_background&quot;:&quot;classic&quot;}\">\n\t\t\t\t\t\t<div class=\"elementor-container elementor-column-gap-default\">\n\t\t\t\t\t<div class=\"elementor-column elementor-col-33 elementor-top-column elementor-element elementor-element-fd2bbcb\" data-id=\"fd2bbcb\" data-element_type=\"column\" data-e-type=\"column\">\n\t\t\t<div class=\"elementor-widget-wrap elementor-element-populated\">\n\t\t\t\t\t\t<div class=\"elementor-element elementor-element-d7cd1cd elementor-widget elementor-widget-image\" data-id=\"d7cd1cd\" data-element_type=\"widget\" data-e-type=\"widget\" data-widget_type=\"image.default\">\n\t\t\t\t<div class=\"elementor-widget-container\">\n\t\t\t\t\t\t\t\t\t\t\t\t\t\t\t<img loading=\"lazy\" decoding=\"async\" width=\"836\" height=\"558\" src=\"https:\/\/www.aerodrome-paray.fr\/blog\/wp-content\/uploads\/A-AMPA-27-1024x683.jpeg\" class=\"attachment-large size-large wp-image-8195\" alt=\"\" srcset=\"https:\/\/www.aerodrome-paray.fr\/blog\/wp-content\/uploads\/A-AMPA-27-1024x683.jpeg 1024w, https:\/\/www.aerodrome-paray.fr\/blog\/wp-content\/uploads\/A-AMPA-27-300x200.jpeg 300w, https:\/\/www.aerodrome-paray.fr\/blog\/wp-content\/uploads\/A-AMPA-27-768x512.jpeg 768w\" sizes=\"(max-width: 836px) 100vw, 836px\" \/>\t\t\t\t\t\t\t\t\t\t\t\t\t\t\t<\/div>\n\t\t\t\t<\/div>\n\t\t\t\t\t<\/div>\n\t\t<\/div>\n\t\t\t\t<div class=\"elementor-column elementor-col-33 elementor-top-column elementor-element elementor-element-40c8c97\" data-id=\"40c8c97\" data-element_type=\"column\" data-e-type=\"column\">\n\t\t\t<div class=\"elementor-widget-wrap elementor-element-populated\">\n\t\t\t\t\t\t<div class=\"elementor-element elementor-element-01e4a03 elementor-widget elementor-widget-image\" data-id=\"01e4a03\" data-element_type=\"widget\" data-e-type=\"widget\" data-widget_type=\"image.default\">\n\t\t\t\t<div class=\"elementor-widget-container\">\n\t\t\t\t\t\t\t\t\t\t\t\t\t\t\t<img loading=\"lazy\" decoding=\"async\" width=\"836\" height=\"558\" src=\"https:\/\/www.aerodrome-paray.fr\/blog\/wp-content\/uploads\/A-AMPA-30-1024x683.jpeg\" class=\"attachment-large size-large wp-image-8210\" alt=\"\" srcset=\"https:\/\/www.aerodrome-paray.fr\/blog\/wp-content\/uploads\/A-AMPA-30-1024x683.jpeg 1024w, https:\/\/www.aerodrome-paray.fr\/blog\/wp-content\/uploads\/A-AMPA-30-300x200.jpeg 300w, https:\/\/www.aerodrome-paray.fr\/blog\/wp-content\/uploads\/A-AMPA-30-768x512.jpeg 768w, https:\/\/www.aerodrome-paray.fr\/blog\/wp-content\/uploads\/A-AMPA-30-1536x1024.jpeg 1536w, https:\/\/www.aerodrome-paray.fr\/blog\/wp-content\/uploads\/A-AMPA-30-2048x1365.jpeg 2048w, https:\/\/www.aerodrome-paray.fr\/blog\/wp-content\/uploads\/A-AMPA-30-836x557.jpeg 836w\" sizes=\"(max-width: 836px) 100vw, 836px\" \/>\t\t\t\t\t\t\t\t\t\t\t\t\t\t\t<\/div>\n\t\t\t\t<\/div>\n\t\t\t\t\t<\/div>\n\t\t<\/div>\n\t\t\t\t<div class=\"elementor-column elementor-col-33 elementor-top-column elementor-element elementor-element-0136ba1\" data-id=\"0136ba1\" data-element_type=\"column\" data-e-type=\"column\">\n\t\t\t<div class=\"elementor-widget-wrap elementor-element-populated\">\n\t\t\t\t\t\t<div class=\"elementor-element elementor-element-e2c4bd4 elementor-widget elementor-widget-image\" data-id=\"e2c4bd4\" data-element_type=\"widget\" data-e-type=\"widget\" data-widget_type=\"image.default\">\n\t\t\t\t<div class=\"elementor-widget-container\">\n\t\t\t\t\t\t\t\t\t\t\t\t\t\t\t<img loading=\"lazy\" decoding=\"async\" width=\"836\" height=\"558\" src=\"https:\/\/www.aerodrome-paray.fr\/blog\/wp-content\/uploads\/A-AMPA-32-1024x683.jpeg\" class=\"attachment-large size-large wp-image-8211\" alt=\"\" srcset=\"https:\/\/www.aerodrome-paray.fr\/blog\/wp-content\/uploads\/A-AMPA-32-1024x683.jpeg 1024w, https:\/\/www.aerodrome-paray.fr\/blog\/wp-content\/uploads\/A-AMPA-32-300x200.jpeg 300w, https:\/\/www.aerodrome-paray.fr\/blog\/wp-content\/uploads\/A-AMPA-32-768x512.jpeg 768w\" sizes=\"(max-width: 836px) 100vw, 836px\" \/>\t\t\t\t\t\t\t\t\t\t\t\t\t\t\t<\/div>\n\t\t\t\t<\/div>\n\t\t\t\t\t<\/div>\n\t\t<\/div>\n\t\t\t\t\t<\/div>\n\t\t<\/section>\n\t\t\t\t<section class=\"elementor-section elementor-top-section elementor-element elementor-element-904315d elementor-section-boxed elementor-section-height-default elementor-section-height-default\" data-id=\"904315d\" data-element_type=\"section\" data-e-type=\"section\">\n\t\t\t\t\t\t<div class=\"elementor-container elementor-column-gap-default\">\n\t\t\t\t\t<div class=\"elementor-column elementor-col-100 elementor-top-column elementor-element elementor-element-94b12b5\" data-id=\"94b12b5\" data-element_type=\"column\" data-e-type=\"column\">\n\t\t\t<div class=\"elementor-widget-wrap elementor-element-populated\">\n\t\t\t\t\t\t<div class=\"elementor-element elementor-element-d4f22c9 elementor-widget elementor-widget-theme-post-featured-image elementor-widget-image\" data-id=\"d4f22c9\" data-element_type=\"widget\" data-e-type=\"widget\" data-widget_type=\"theme-post-featured-image.default\">\n\t\t\t\t<div class=\"elementor-widget-container\">\n\t\t\t\t\t\t\t\t\t\t\t\t\t\t\t<img fetchpriority=\"high\" decoding=\"async\" width=\"836\" height=\"470\" src=\"https:\/\/www.aerodrome-paray.fr\/blog\/wp-content\/uploads\/A-AMPA-0-1024x576.jpg\" class=\"attachment-large size-large wp-image-8222\" alt=\"\" srcset=\"https:\/\/www.aerodrome-paray.fr\/blog\/wp-content\/uploads\/A-AMPA-0-1024x576.jpg 1024w, https:\/\/www.aerodrome-paray.fr\/blog\/wp-content\/uploads\/A-AMPA-0-300x169.jpg 300w, https:\/\/www.aerodrome-paray.fr\/blog\/wp-content\/uploads\/A-AMPA-0-768x432.jpg 768w, https:\/\/www.aerodrome-paray.fr\/blog\/wp-content\/uploads\/A-AMPA-0-1536x864.jpg 1536w, https:\/\/www.aerodrome-paray.fr\/blog\/wp-content\/uploads\/A-AMPA-0-836x470.jpg 836w, https:\/\/www.aerodrome-paray.fr\/blog\/wp-content\/uploads\/A-AMPA-0.jpg 2048w\" sizes=\"(max-width: 836px) 100vw, 836px\" \/>\t\t\t\t\t\t\t\t\t\t\t\t\t\t\t<\/div>\n\t\t\t\t<\/div>\n\t\t\t\t\t<\/div>\n\t\t<\/div>\n\t\t\t\t\t<\/div>\n\t\t<\/section>\n\t\t\t\t<section class=\"elementor-section elementor-top-section elementor-element elementor-element-100d9c7 elementor-section-content-middle elementor-section-boxed elementor-section-height-default elementor-section-height-default\" data-id=\"100d9c7\" data-element_type=\"section\" data-e-type=\"section\" data-settings=\"{&quot;background_background&quot;:&quot;classic&quot;}\">\n\t\t\t\t\t\t<div class=\"elementor-container elementor-column-gap-default\">\n\t\t\t\t\t<div class=\"elementor-column elementor-col-50 elementor-top-column elementor-element elementor-element-7f24969\" data-id=\"7f24969\" data-element_type=\"column\" data-e-type=\"column\">\n\t\t\t<div class=\"elementor-widget-wrap elementor-element-populated\">\n\t\t\t\t\t\t<div class=\"elementor-element elementor-element-88817cf elementor-widget elementor-widget-text-editor\" data-id=\"88817cf\" data-element_type=\"widget\" data-e-type=\"widget\" data-widget_type=\"text-editor.default\">\n\t\t\t\t<div class=\"elementor-widget-container\">\n\t\t\t\t\t\t\t\t\t<p style=\"text-align: justify;\">Retrouvez les photos de cet \u00e9v\u00e9nement dans la galerie en cliquant sur le bouton ci-contre<\/p>\t\t\t\t\t\t\t\t<\/div>\n\t\t\t\t<\/div>\n\t\t\t\t\t<\/div>\n\t\t<\/div>\n\t\t\t\t<div class=\"elementor-column elementor-col-50 elementor-top-column elementor-element elementor-element-f47cbbc\" data-id=\"f47cbbc\" data-element_type=\"column\" data-e-type=\"column\">\n\t\t\t<div class=\"elementor-widget-wrap elementor-element-populated\">\n\t\t\t\t\t\t<div class=\"elementor-element elementor-element-cf7800c elementor-align-center elementor-widget elementor-widget-button\" data-id=\"cf7800c\" data-element_type=\"widget\" data-e-type=\"widget\" data-widget_type=\"button.default\">\n\t\t\t\t<div class=\"elementor-widget-container\">\n\t\t\t\t\t\t\t\t\t<div class=\"elementor-button-wrapper\">\n\t\t\t\t\t<a class=\"elementor-button elementor-button-link elementor-size-sm\" href=\"https:\/\/www.aerodrome-paray.fr\/blog\/camp-dete-ampa-2026\/\">\n\t\t\t\t\t\t<span class=\"elementor-button-content-wrapper\">\n\t\t\t\t\t\t\t\t\t<span class=\"elementor-button-text\">Cliquez ici<\/span>\n\t\t\t\t\t<\/span>\n\t\t\t\t\t<\/a>\n\t\t\t\t<\/div>\n\t\t\t\t\t\t\t\t<\/div>\n\t\t\t\t<\/div>\n\t\t\t\t\t<\/div>\n\t\t<\/div>\n\t\t\t\t\t<\/div>\n\t\t<\/section>\n\t\t\t\t<\/div>\n\t\t","protected":false},"excerpt":{"rendered":"<p>Pour la deuxi\u00e8me ann\u00e9e cons\u00e9cutive, l&rsquo;a\u00e9rodrome s&rsquo;est retrouv\u00e9 aux couleurs de la Suisse avec le camp d&rsquo;\u00e9t\u00e9 de l&rsquo;AMPA (Association pour le Maintien du Patrimoine A\u00e9ronautique), association suisse qui oeuvre pour la sauvegarde d&rsquo;avions historiques entre autres. Du 8 au 12 juillet, en p\u00e9riode de canicule, une vingtaine d&rsquo;avions et une trentaine de personnes ont &hellip; <\/p>\n<p><a class=\"more-link btn\" href=\"https:\/\/www.aerodrome-paray.fr\/blog\/ampa-camp-dete-a-paray-le-monial\/\">Lire la suite<\/a><\/p>\n","protected":false},"author":2,"featured_media":8222,"comment_status":"closed","ping_status":"closed","sticky":false,"template":"","format":"standard","meta":{"_monsterinsights_skip_tracking":false,"footnotes":""},"categories":[1],"tags":[],"class_list":["post-8233","post","type-post","status-publish","format-standard","has-post-thumbnail","hentry","category-non-classe","item-wrap"],"yoast_head":"<!-- This site is optimized with the Yoast SEO plugin v28.4 - https:\/\/yoast.com\/product\/yoast-seo-wordpress\/ -->\n<title>AMPA : Camp d&#039;\u00e9t\u00e9 \u00e0 Paray-le-Monial - Aeroclub Charolais<\/title>\n<meta name=\"robots\" content=\"index, follow, max-snippet:-1, max-image-preview:large, max-video-preview:-1\" \/>\n<link rel=\"canonical\" href=\"https:\/\/www.aerodrome-paray.fr\/blog\/ampa-camp-dete-a-paray-le-monial\/\" \/>\n<meta property=\"og:locale\" content=\"fr_FR\" \/>\n<meta property=\"og:type\" content=\"article\" \/>\n<meta property=\"og:title\" content=\"AMPA : Camp d&#039;\u00e9t\u00e9 \u00e0 Paray-le-Monial - Aeroclub Charolais\" \/>\n<meta property=\"og:description\" content=\"Pour la deuxi\u00e8me ann\u00e9e cons\u00e9cutive, l&rsquo;a\u00e9rodrome s&rsquo;est retrouv\u00e9 aux couleurs de la Suisse avec le camp d&rsquo;\u00e9t\u00e9 de l&rsquo;AMPA (Association pour le Maintien du Patrimoine A\u00e9ronautique), association suisse qui oeuvre pour la sauvegarde d&rsquo;avions historiques entre autres. Du 8 au 12 juillet, en p\u00e9riode de canicule, une vingtaine d&rsquo;avions et une trentaine de personnes ont &hellip; Lire la suite\" \/>\n<meta property=\"og:url\" content=\"https:\/\/www.aerodrome-paray.fr\/blog\/ampa-camp-dete-a-paray-le-monial\/\" \/>\n<meta property=\"og:site_name\" content=\"Aeroclub Charolais\" \/>\n<meta property=\"article:published_time\" content=\"2026-08-31T04:58:49+00:00\" \/>\n<meta property=\"article:modified_time\" content=\"2026-09-01T15:52:44+00:00\" \/>\n<meta property=\"og:image\" content=\"https:\/\/www.aerodrome-paray.fr\/blog\/wp-content\/uploads\/A-AMPA-0.jpg\" \/>\n\t<meta property=\"og:image:width\" content=\"2048\" \/>\n\t<meta property=\"og:image:height\" content=\"1152\" \/>\n\t<meta property=\"og:image:type\" content=\"image\/jpeg\" \/>\n<meta name=\"author\" content=\"Jean Pierre Martinroche\" \/>\n<meta name=\"twitter:card\" content=\"summary_large_image\" \/>\n<meta name=\"twitter:label1\" content=\"\u00c9crit par\" \/>\n\t<meta name=\"twitter:data1\" content=\"Jean Pierre Martinroche\" \/>\n\t<meta name=\"twitter:label2\" content=\"Dur\u00e9e de lecture estim\u00e9e\" \/>\n\t<meta name=\"twitter:data2\" content=\"3 minutes\" \/>\n<script type=\"application\/ld+json\" class=\"yoast-schema-graph\">{\"@context\":\"https:\\\/\\\/schema.org\",\"@graph\":[{\"@type\":\"Article\",\"@id\":\"https:\\\/\\\/www.aerodrome-paray.fr\\\/blog\\\/ampa-camp-dete-a-paray-le-monial\\\/#article\",\"isPartOf\":{\"@id\":\"https:\\\/\\\/www.aerodrome-paray.fr\\\/blog\\\/ampa-camp-dete-a-paray-le-monial\\\/\"},\"author\":{\"name\":\"Jean Pierre Martinroche\",\"@id\":\"https:\\\/\\\/www.aerodrome-paray.fr\\\/blog\\\/#\\\/schema\\\/person\\\/cefd0c4678c1b9411b95df22582abed7\"},\"headline\":\"AMPA : Camp d&rsquo;\u00e9t\u00e9 \u00e0 Paray-le-Monial\",\"datePublished\":\"2026-08-31T04:58:49+00:00\",\"dateModified\":\"2026-09-01T15:52:44+00:00\",\"mainEntityOfPage\":{\"@id\":\"https:\\\/\\\/www.aerodrome-paray.fr\\\/blog\\\/ampa-camp-dete-a-paray-le-monial\\\/\"},\"wordCount\":186,\"image\":{\"@id\":\"https:\\\/\\\/www.aerodrome-paray.fr\\\/blog\\\/ampa-camp-dete-a-paray-le-monial\\\/#primaryimage\"},\"thumbnailUrl\":\"https:\\\/\\\/www.aerodrome-paray.fr\\\/blog\\\/wp-content\\\/uploads\\\/A-AMPA-0.jpg\",\"inLanguage\":\"fr-FR\"},{\"@type\":\"WebPage\",\"@id\":\"https:\\\/\\\/www.aerodrome-paray.fr\\\/blog\\\/ampa-camp-dete-a-paray-le-monial\\\/\",\"url\":\"https:\\\/\\\/www.aerodrome-paray.fr\\\/blog\\\/ampa-camp-dete-a-paray-le-monial\\\/\",\"name\":\"AMPA : Camp d'\u00e9t\u00e9 \u00e0 Paray-le-Monial - Aeroclub Charolais\",\"isPartOf\":{\"@id\":\"https:\\\/\\\/www.aerodrome-paray.fr\\\/blog\\\/#website\"},\"primaryImageOfPage\":{\"@id\":\"https:\\\/\\\/www.aerodrome-paray.fr\\\/blog\\\/ampa-camp-dete-a-paray-le-monial\\\/#primaryimage\"},\"image\":{\"@id\":\"https:\\\/\\\/www.aerodrome-paray.fr\\\/blog\\\/ampa-camp-dete-a-paray-le-monial\\\/#primaryimage\"},\"thumbnailUrl\":\"https:\\\/\\\/www.aerodrome-paray.fr\\\/blog\\\/wp-content\\\/uploads\\\/A-AMPA-0.jpg\",\"datePublished\":\"2026-08-31T04:58:49+00:00\",\"dateModified\":\"2026-09-01T15:52:44+00:00\",\"author\":{\"@id\":\"https:\\\/\\\/www.aerodrome-paray.fr\\\/blog\\\/#\\\/schema\\\/person\\\/cefd0c4678c1b9411b95df22582abed7\"},\"breadcrumb\":{\"@id\":\"https:\\\/\\\/www.aerodrome-paray.fr\\\/blog\\\/ampa-camp-dete-a-paray-le-monial\\\/#breadcrumb\"},\"inLanguage\":\"fr-FR\",\"potentialAction\":[{\"@type\":\"ReadAction\",\"target\":[\"https:\\\/\\\/www.aerodrome-paray.fr\\\/blog\\\/ampa-camp-dete-a-paray-le-monial\\\/\"]}]},{\"@type\":\"ImageObject\",\"inLanguage\":\"fr-FR\",\"@id\":\"https:\\\/\\\/www.aerodrome-paray.fr\\\/blog\\\/ampa-camp-dete-a-paray-le-monial\\\/#primaryimage\",\"url\":\"https:\\\/\\\/www.aerodrome-paray.fr\\\/blog\\\/wp-content\\\/uploads\\\/A-AMPA-0.jpg\",\"contentUrl\":\"https:\\\/\\\/www.aerodrome-paray.fr\\\/blog\\\/wp-content\\\/uploads\\\/A-AMPA-0.jpg\",\"width\":2048,\"height\":1152},{\"@type\":\"BreadcrumbList\",\"@id\":\"https:\\\/\\\/www.aerodrome-paray.fr\\\/blog\\\/ampa-camp-dete-a-paray-le-monial\\\/#breadcrumb\",\"itemListElement\":[{\"@type\":\"ListItem\",\"position\":1,\"name\":\"Accueil\",\"item\":\"https:\\\/\\\/www.aerodrome-paray.fr\\\/blog\\\/\"},{\"@type\":\"ListItem\",\"position\":2,\"name\":\"AMPA : Camp d&rsquo;\u00e9t\u00e9 \u00e0 Paray-le-Monial\"}]},{\"@type\":\"WebSite\",\"@id\":\"https:\\\/\\\/www.aerodrome-paray.fr\\\/blog\\\/#website\",\"url\":\"https:\\\/\\\/www.aerodrome-paray.fr\\\/blog\\\/\",\"name\":\"Aeroclub Charolais\",\"description\":\"\",\"potentialAction\":[{\"@type\":\"SearchAction\",\"target\":{\"@type\":\"EntryPoint\",\"urlTemplate\":\"https:\\\/\\\/www.aerodrome-paray.fr\\\/blog\\\/?s={search_term_string}\"},\"query-input\":{\"@type\":\"PropertyValueSpecification\",\"valueRequired\":true,\"valueName\":\"search_term_string\"}}],\"inLanguage\":\"fr-FR\"},{\"@type\":\"Person\",\"@id\":\"https:\\\/\\\/www.aerodrome-paray.fr\\\/blog\\\/#\\\/schema\\\/person\\\/cefd0c4678c1b9411b95df22582abed7\",\"name\":\"Jean Pierre Martinroche\",\"image\":{\"@type\":\"ImageObject\",\"inLanguage\":\"fr-FR\",\"@id\":\"https:\\\/\\\/secure.gravatar.com\\\/avatar\\\/302da577d2e3565f43c729b1d87b2eb6c1910a0c9d0e4923cd7dc880c1de7c7b?s=96&d=mm&r=g\",\"url\":\"https:\\\/\\\/secure.gravatar.com\\\/avatar\\\/302da577d2e3565f43c729b1d87b2eb6c1910a0c9d0e4923cd7dc880c1de7c7b?s=96&d=mm&r=g\",\"contentUrl\":\"https:\\\/\\\/secure.gravatar.com\\\/avatar\\\/302da577d2e3565f43c729b1d87b2eb6c1910a0c9d0e4923cd7dc880c1de7c7b?s=96&d=mm&r=g\",\"caption\":\"Jean Pierre Martinroche\"},\"url\":\"https:\\\/\\\/www.aerodrome-paray.fr\\\/blog\\\/author\\\/jpmartinroche\\\/\"}]}<\/script>\n<!-- \/ Yoast SEO plugin. -->","yoast_head_json":{"title":"AMPA : Camp d'\u00e9t\u00e9 \u00e0 Paray-le-Monial - Aeroclub Charolais","robots":{"index":"index","follow":"follow","max-snippet":"max-snippet:-1","max-image-preview":"max-image-preview:large","max-video-preview":"max-video-preview:-1"},"canonical":"https:\/\/www.aerodrome-paray.fr\/blog\/ampa-camp-dete-a-paray-le-monial\/","og_locale":"fr_FR","og_type":"article","og_title":"AMPA : Camp d'\u00e9t\u00e9 \u00e0 Paray-le-Monial - Aeroclub Charolais","og_description":"Pour la deuxi\u00e8me ann\u00e9e cons\u00e9cutive, l&rsquo;a\u00e9rodrome s&rsquo;est retrouv\u00e9 aux couleurs de la Suisse avec le camp d&rsquo;\u00e9t\u00e9 de l&rsquo;AMPA (Association pour le Maintien du Patrimoine A\u00e9ronautique), association suisse qui oeuvre pour la sauvegarde d&rsquo;avions historiques entre autres. Du 8 au 12 juillet, en p\u00e9riode de canicule, une vingtaine d&rsquo;avions et une trentaine de personnes ont &hellip; Lire la suite","og_url":"https:\/\/www.aerodrome-paray.fr\/blog\/ampa-camp-dete-a-paray-le-monial\/","og_site_name":"Aeroclub Charolais","article_published_time":"2026-08-31T04:58:49+00:00","article_modified_time":"2026-09-01T15:52:44+00:00","og_image":[{"width":2048,"height":1152,"url":"https:\/\/www.aerodrome-paray.fr\/blog\/wp-content\/uploads\/A-AMPA-0.jpg","type":"image\/jpeg"}],"author":"Jean Pierre Martinroche","twitter_card":"summary_large_image","twitter_misc":{"\u00c9crit par":"Jean Pierre Martinroche","Dur\u00e9e de lecture estim\u00e9e":"3 minutes"},"schema":{"@context":"https:\/\/schema.org","@graph":[{"@type":"Article","@id":"https:\/\/www.aerodrome-paray.fr\/blog\/ampa-camp-dete-a-paray-le-monial\/#article","isPartOf":{"@id":"https:\/\/www.aerodrome-paray.fr\/blog\/ampa-camp-dete-a-paray-le-monial\/"},"author":{"name":"Jean Pierre Martinroche","@id":"https:\/\/www.aerodrome-paray.fr\/blog\/#\/schema\/person\/cefd0c4678c1b9411b95df22582abed7"},"headline":"AMPA : Camp d&rsquo;\u00e9t\u00e9 \u00e0 Paray-le-Monial","datePublished":"2026-08-31T04:58:49+00:00","dateModified":"2026-09-01T15:52:44+00:00","mainEntityOfPage":{"@id":"https:\/\/www.aerodrome-paray.fr\/blog\/ampa-camp-dete-a-paray-le-monial\/"},"wordCount":186,"image":{"@id":"https:\/\/www.aerodrome-paray.fr\/blog\/ampa-camp-dete-a-paray-le-monial\/#primaryimage"},"thumbnailUrl":"https:\/\/www.aerodrome-paray.fr\/blog\/wp-content\/uploads\/A-AMPA-0.jpg","inLanguage":"fr-FR"},{"@type":"WebPage","@id":"https:\/\/www.aerodrome-paray.fr\/blog\/ampa-camp-dete-a-paray-le-monial\/","url":"https:\/\/www.aerodrome-paray.fr\/blog\/ampa-camp-dete-a-paray-le-monial\/","name":"AMPA : Camp d'\u00e9t\u00e9 \u00e0 Paray-le-Monial - Aeroclub Charolais","isPartOf":{"@id":"https:\/\/www.aerodrome-paray.fr\/blog\/#website"},"primaryImageOfPage":{"@id":"https:\/\/www.aerodrome-paray.fr\/blog\/ampa-camp-dete-a-paray-le-monial\/#primaryimage"},"image":{"@id":"https:\/\/www.aerodrome-paray.fr\/blog\/ampa-camp-dete-a-paray-le-monial\/#primaryimage"},"thumbnailUrl":"https:\/\/www.aerodrome-paray.fr\/blog\/wp-content\/uploads\/A-AMPA-0.jpg","datePublished":"2026-08-31T04:58:49+00:00","dateModified":"2026-09-01T15:52:44+00:00","author":{"@id":"https:\/\/www.aerodrome-paray.fr\/blog\/#\/schema\/person\/cefd0c4678c1b9411b95df22582abed7"},"breadcrumb":{"@id":"https:\/\/www.aerodrome-paray.fr\/blog\/ampa-camp-dete-a-paray-le-monial\/#breadcrumb"},"inLanguage":"fr-FR","potentialAction":[{"@type":"ReadAction","target":["https:\/\/www.aerodrome-paray.fr\/blog\/ampa-camp-dete-a-paray-le-monial\/"]}]},{"@type":"ImageObject","inLanguage":"fr-FR","@id":"https:\/\/www.aerodrome-paray.fr\/blog\/ampa-camp-dete-a-paray-le-monial\/#primaryimage","url":"https:\/\/www.aerodrome-paray.fr\/blog\/wp-content\/uploads\/A-AMPA-0.jpg","contentUrl":"https:\/\/www.aerodrome-paray.fr\/blog\/wp-content\/uploads\/A-AMPA-0.jpg","width":2048,"height":1152},{"@type":"BreadcrumbList","@id":"https:\/\/www.aerodrome-paray.fr\/blog\/ampa-camp-dete-a-paray-le-monial\/#breadcrumb","itemListElement":[{"@type":"ListItem","position":1,"name":"Accueil","item":"https:\/\/www.aerodrome-paray.fr\/blog\/"},{"@type":"ListItem","position":2,"name":"AMPA : Camp d&rsquo;\u00e9t\u00e9 \u00e0 Paray-le-Monial"}]},{"@type":"WebSite","@id":"https:\/\/www.aerodrome-paray.fr\/blog\/#website","url":"https:\/\/www.aerodrome-paray.fr\/blog\/","name":"Aeroclub Charolais","description":"","potentialAction":[{"@type":"SearchAction","target":{"@type":"EntryPoint","urlTemplate":"https:\/\/www.aerodrome-paray.fr\/blog\/?s={search_term_string}"},"query-input":{"@type":"PropertyValueSpecification","valueRequired":true,"valueName":"search_term_string"}}],"inLanguage":"fr-FR"},{"@type":"Person","@id":"https:\/\/www.aerodrome-paray.fr\/blog\/#\/schema\/person\/cefd0c4678c1b9411b95df22582abed7","name":"Jean Pierre Martinroche","image":{"@type":"ImageObject","inLanguage":"fr-FR","@id":"https:\/\/secure.gravatar.com\/avatar\/302da577d2e3565f43c729b1d87b2eb6c1910a0c9d0e4923cd7dc880c1de7c7b?s=96&d=mm&r=g","url":"https:\/\/secure.gravatar.com\/avatar\/302da577d2e3565f43c729b1d87b2eb6c1910a0c9d0e4923cd7dc880c1de7c7b?s=96&d=mm&r=g","contentUrl":"https:\/\/secure.gravatar.com\/avatar\/302da577d2e3565f43c729b1d87b2eb6c1910a0c9d0e4923cd7dc880c1de7c7b?s=96&d=mm&r=g","caption":"Jean Pierre Martinroche"},"url":"https:\/\/www.aerodrome-paray.fr\/blog\/author\/jpmartinroche\/"}]}},"_links":{"self":[{"href":"https:\/\/www.aerodrome-paray.fr\/blog\/wp-json\/wp\/v2\/posts\/8233","targetHints":{"allow":["GET"]}}],"collection":[{"href":"https:\/\/www.aerodrome-paray.fr\/blog\/wp-json\/wp\/v2\/posts"}],"about":[{"href":"https:\/\/www.aerodrome-paray.fr\/blog\/wp-json\/wp\/v2\/types\/post"}],"author":[{"embeddable":true,"href":"https:\/\/www.aerodrome-paray.fr\/blog\/wp-json\/wp\/v2\/users\/2"}],"replies":[{"embeddable":true,"href":"https:\/\/www.aerodrome-paray.fr\/blog\/wp-json\/wp\/v2\/comments?post=8233"}],"version-history":[{"count":31,"href":"https:\/\/www.aerodrome-paray.fr\/blog\/wp-json\/wp\/v2\/posts\/8233\/revisions"}],"predecessor-version":[{"id":8270,"href":"https:\/\/www.aerodrome-paray.fr\/blog\/wp-json\/wp\/v2\/posts\/8233\/revisions\/8270"}],"wp:featuredmedia":[{"embeddable":true,"href":"https:\/\/www.aerodrome-paray.fr\/blog\/wp-json\/wp\/v2\/media\/8222"}],"wp:attachment":[{"href":"https:\/\/www.aerodrome-paray.fr\/blog\/wp-json\/wp\/v2\/media?parent=8233"}],"wp:term":[{"taxonomy":"category","embeddable":true,"href":"https:\/\/www.aerodrome-paray.fr\/blog\/wp-json\/wp\/v2\/categories?post=8233"},{"taxonomy":"post_tag","embeddable":true,"href":"https:\/\/www.aerodrome-paray.fr\/blog\/wp-json\/wp\/v2\/tags?post=8233"}],"curies":[{"name":"wp","href":"https:\/\/api.w.org\/{rel}","templated":true}]}}